
{"id":73409,"date":"2018-07-10T09:46:45","date_gmt":"2018-07-10T12:46:45","guid":{"rendered":"http:\/\/www.sudoestehoje.com.br\/novoportal\/?p=73409"},"modified":"2018-07-10T09:46:45","modified_gmt":"2018-07-10T12:46:45","slug":"todos-os-12-meninos-e-o-treinador-ja-estao-fora-da-caverna-na-tailandia","status":"publish","type":"post","link":"https:\/\/www.sudoestehoje.com.br\/novoportal\/2018\/07\/10\/todos-os-12-meninos-e-o-treinador-ja-estao-fora-da-caverna-na-tailandia\/","title":{"rendered":"TODOS OS 12 MENINOS E O TREINADOR J\u00c1 EST\u00c3O FORA DA CAVERNA NA TAIL\u00c2NDIA"},"content":{"rendered":"<p><a href=\"http:\/\/www.sudoestehoje.com.br\/novoportal\/wp-content\/uploads\/2018\/07\/MENINOS-DA-TAIL\u00c2NDIA.jpg\"><img loading=\"lazy\" decoding=\"async\" class=\"aligncenter size-medium wp-image-73411\" src=\"http:\/\/www.sudoestehoje.com.br\/novoportal\/wp-content\/uploads\/2018\/07\/MENINOS-DA-TAIL\u00c2NDIA-500x313.jpg\" alt=\"\" width=\"500\" height=\"313\" srcset=\"https:\/\/www.sudoestehoje.com.br\/novoportal\/wp-content\/uploads\/2018\/07\/MENINOS-DA-TAIL\u00c2NDIA-500x313.jpg 500w, https:\/\/www.sudoestehoje.com.br\/novoportal\/wp-content\/uploads\/2018\/07\/MENINOS-DA-TAIL\u00c2NDIA.jpg 652w\" sizes=\"auto, (max-width: 500px) 100vw, 500px\" \/><\/a><\/p>\n<p>A \u00faltima crian\u00e7a e o t\u00e9cnico de um time de futebol que estavam presas dentro de uma caverna na\u00a0<a href=\"https:\/\/veja.abril.com.br\/noticias-sobre\/tailandia\/\"><strong>Tail\u00e2ndia<\/strong><\/a>\u00a0foram resgatadas nesta ter\u00e7a-feira. Agora, todos os doze meninos mais o adulto deixaram a caverna de Tham Luang, no norte do pa\u00eds.<\/p>\n<p>O\u00a0<em>The Guardian<\/em>\u00a0informa que o 11\u00ba garoto resgatado era o mais jovem do grupo, com onze anos. Seu apelido \u00e9 Titan e joga futebol h\u00e1 cinco anos e entrou para o time h\u00e1 tr\u00eas.<\/p>\n<p>O primeiro-ministro da Tail\u00e2ndia\u00a0Prayut Chan-o-chau informou \u00e0 imprensa que os garotos resgatados tomaram ansiol\u00edticos para deixarem a caverna.<\/p>\n<div class=\"_2ceb6673\">\n<p>Os trabalhos foram retomados \u00e0s 10h08 da manh\u00e3 do hor\u00e1rio local com uma equipe de 19 mergulhadores. \u201cEspero que os quatro garotos, o t\u00e9cnico, o m\u00e9dico e os tr\u00eas SEALs\u00a0<em>[mergulhadores]<\/em>\u00a0da Marinha Tailandesa saiam hoje\u201d, disse\u00a0o comandante da miss\u00e3o\u00a0Narongsak Osotthanakorn.<\/p>\n<\/div>\n<p>O terceiro dia de resgates come\u00e7ou com chuvas na regi\u00e3o de Mae Sai, o que renovou a apreens\u00e3o com as condi\u00e7\u00f5es clim\u00e1ticas. Segundo a CNN, especialistas pr\u00f3ximos \u00e0 opera\u00e7\u00e3o expressaram preocupa\u00e7\u00e3o com o aumento do n\u00edvel da \u00e1gua, o que poderia aumentar o risco para os mergulhadores e aumentar o tempo de resgate.<\/p>\n<p>Apesar das preocupa\u00e7\u00f5es, uma parte significativa do trajeto para sair da caverna permite caminhar.\u00a0O comandante da miss\u00e3o,\u00a0Narongsak Osotthanakorn afirmou que a opera\u00e7\u00e3o \u00e9 uma corrida contra o tempo e contra a \u00e1gua.<\/p>\n","protected":false},"excerpt":{"rendered":"<p>A \u00faltima crian\u00e7a e o t\u00e9cnico de um time de futebol que estavam presas dentro de uma caverna na\u00a0Tail\u00e2ndia\u00a0foram resgatadas nesta ter\u00e7a-feira. Agora, todos os doze meninos mais o adulto deixaram a caverna de Tham Luang, no norte do pa\u00eds. O\u00a0The Guardian\u00a0informa que o 11\u00ba garoto resgatado era o mais jovem do grupo, com onze [&hellip;]<\/p>\n","protected":false},"author":2,"featured_media":73411,"comment_status":"open","ping_status":"open","sticky":false,"template":"","format":"standard","meta":{"footnotes":"","_links_to":"","_links_to_target":""},"categories":[1],"tags":[],"class_list":["post-73409","post","type-post","status-publish","format-standard","has-post-thumbnail","hentry","category-geral"],"views":1448,"_links":{"self":[{"href":"https:\/\/www.sudoestehoje.com.br\/novoportal\/wp-json\/wp\/v2\/posts\/73409","targetHints":{"allow":["GET"]}}],"collection":[{"href":"https:\/\/www.sudoestehoje.com.br\/novoportal\/wp-json\/wp\/v2\/posts"}],"about":[{"href":"https:\/\/www.sudoestehoje.com.br\/novoportal\/wp-json\/wp\/v2\/types\/post"}],"author":[{"embeddable":true,"href":"https:\/\/www.sudoestehoje.com.br\/novoportal\/wp-json\/wp\/v2\/users\/2"}],"replies":[{"embeddable":true,"href":"https:\/\/www.sudoestehoje.com.br\/novoportal\/wp-json\/wp\/v2\/comments?post=73409"}],"version-history":[{"count":2,"href":"https:\/\/www.sudoestehoje.com.br\/novoportal\/wp-json\/wp\/v2\/posts\/73409\/revisions"}],"predecessor-version":[{"id":73412,"href":"https:\/\/www.sudoestehoje.com.br\/novoportal\/wp-json\/wp\/v2\/posts\/73409\/revisions\/73412"}],"wp:featuredmedia":[{"embeddable":true,"href":"https:\/\/www.sudoestehoje.com.br\/novoportal\/wp-json\/wp\/v2\/media\/73411"}],"wp:attachment":[{"href":"https:\/\/www.sudoestehoje.com.br\/novoportal\/wp-json\/wp\/v2\/media?parent=73409"}],"wp:term":[{"taxonomy":"category","embeddable":true,"href":"https:\/\/www.sudoestehoje.com.br\/novoportal\/wp-json\/wp\/v2\/categories?post=73409"},{"taxonomy":"post_tag","embeddable":true,"href":"https:\/\/www.sudoestehoje.com.br\/novoportal\/wp-json\/wp\/v2\/tags?post=73409"}],"curies":[{"name":"wp","href":"https:\/\/api.w.org\/{rel}","templated":true}]}}