
{"id":73396,"date":"2018-07-09T19:25:16","date_gmt":"2018-07-09T22:25:16","guid":{"rendered":"http:\/\/www.sudoestehoje.com.br\/novoportal\/?p=73396"},"modified":"2018-07-09T20:44:17","modified_gmt":"2018-07-09T23:44:17","slug":"novo-horizonte-e-acusada-de-realizar-transporte-em-onibus-precarios-e-inseguros","status":"publish","type":"post","link":"https:\/\/www.sudoestehoje.com.br\/novoportal\/2018\/07\/09\/novo-horizonte-e-acusada-de-realizar-transporte-em-onibus-precarios-e-inseguros\/","title":{"rendered":"NOVO HORIZONTE \u00c9 ACUSADA DE REALIZAR TRANSPORTE EM \u00d4NIBUS PREC\u00c1RIOS E INSEGUROS"},"content":{"rendered":"<p align=\"JUSTIFY\"><a href=\"http:\/\/www.sudoestehoje.com.br\/novoportal\/wp-content\/uploads\/2018\/07\/NOVO-HORIZONTE.jpg\"><img loading=\"lazy\" decoding=\"async\" class=\"aligncenter size-medium wp-image-73399\" src=\"http:\/\/www.sudoestehoje.com.br\/novoportal\/wp-content\/uploads\/2018\/07\/NOVO-HORIZONTE-500x316.jpg\" alt=\"\" width=\"500\" height=\"316\" srcset=\"https:\/\/www.sudoestehoje.com.br\/novoportal\/wp-content\/uploads\/2018\/07\/NOVO-HORIZONTE-500x316.jpg 500w, https:\/\/www.sudoestehoje.com.br\/novoportal\/wp-content\/uploads\/2018\/07\/NOVO-HORIZONTE.jpg 768w, https:\/\/www.sudoestehoje.com.br\/novoportal\/wp-content\/uploads\/2018\/07\/NOVO-HORIZONTE-700x442.jpg 700w\" sizes=\"auto, (max-width: 500px) 100vw, 500px\" \/><\/a><\/p>\n<p align=\"JUSTIFY\">A empresa de transporte rodovi\u00e1rio Via\u00e7\u00e3o Novo Horizonte \u00e9 acusada pelo Minist\u00e9rio P\u00fablico estadual de prestar servi\u00e7o prec\u00e1rio, inadequado e inseguro, em afronta ao C\u00f3digo de Defesa do Consumidor.<\/p>\n<p align=\"JUSTIFY\">Segundo a a\u00e7\u00e3o, de autoria da promotora de Justi\u00e7a Joseane Suzart, a concession\u00e1ria disponibiliza aos usu\u00e1rios \u00f4nibus em condi\u00e7\u00f5es prec\u00e1rias de higiene e seguran\u00e7a, que apresentam problemas mec\u00e2nicos, n\u00e3o cumprem os itiner\u00e1rios, possuem hor\u00e1rios imprevis\u00edveis de sa\u00edda e chegada e que frequentemente atrasam.<\/p>\n<p align=\"JUSTIFY\">Conforme consulta feita pelo MP \u00e0 Ag\u00eancia Estadual de Regula\u00e7\u00e3o de Servi\u00e7os P\u00fablicos de Energia, Transportes e Comunica\u00e7\u00f5es da Bahia (Agerba), essas infra\u00e7\u00f5es ocorrem desde 2012, com aplica\u00e7\u00e3o de multas \u00e0 empresa.<\/p>\n<p align=\"JUSTIFY\">Joseane Suzart solicita \u00e0 Justi\u00e7a que conceda decis\u00e3o liminar para determinar \u00e0 Via\u00e7\u00e3o Novo Horizonte a ado\u00e7\u00e3o de uma s\u00e9rie de medidas que garantam a presta\u00e7\u00e3o de servi\u00e7o seguro e de qualidade aos passageiros. Entre elas, est\u00e3o a de retirar de circula\u00e7\u00e3o os ve\u00edculos reprovados em vistorias ou com vistorias vencidas; disponibilizar \u00f4nibus em perfeitas condi\u00e7\u00f5es mec\u00e2nicas, devidamente limpos, com caracter\u00edsticas compat\u00edveis \u00e0s constantes no bilhete da passagem e que contenham os equipamentos exigidos de seguran\u00e7a, como extintor de inc\u00eandio, e o n\u00famero de inscri\u00e7\u00e3o na Agerba em lugar vis\u00edvel ao usu\u00e1rio; a de realizar manuten\u00e7\u00e3o veicular preventiva e corretiva, entre outras.<\/p>\n<p align=\"JUSTIFY\">O MP chegou a propor em janeiro \u00faltimo a ado\u00e7\u00e3o dessas medidas em Termo de Ajustamento de Conduta (TAC), mas a Via\u00e7\u00e3o Novo Horizonte n\u00e3o respondeu sobre a proposta. A a\u00e7\u00e3o decorre de inqu\u00e9rito civil instaurado em julho do ano passado. \/\/<em>Blog Agravo<\/em><\/p>\n","protected":false},"excerpt":{"rendered":"<p>A empresa de transporte rodovi\u00e1rio Via\u00e7\u00e3o Novo Horizonte \u00e9 acusada pelo Minist\u00e9rio P\u00fablico estadual de prestar servi\u00e7o prec\u00e1rio, inadequado e inseguro, em afronta ao C\u00f3digo de Defesa do Consumidor. Segundo a a\u00e7\u00e3o, de autoria da promotora de Justi\u00e7a Joseane Suzart, a concession\u00e1ria disponibiliza aos usu\u00e1rios \u00f4nibus em condi\u00e7\u00f5es prec\u00e1rias de higiene e seguran\u00e7a, que apresentam [&hellip;]<\/p>\n","protected":false},"author":2,"featured_media":73399,"comment_status":"open","ping_status":"open","sticky":false,"template":"","format":"standard","meta":{"footnotes":"","_links_to":"","_links_to_target":""},"categories":[1],"tags":[],"class_list":["post-73396","post","type-post","status-publish","format-standard","has-post-thumbnail","hentry","category-geral"],"views":1503,"_links":{"self":[{"href":"https:\/\/www.sudoestehoje.com.br\/novoportal\/wp-json\/wp\/v2\/posts\/73396","targetHints":{"allow":["GET"]}}],"collection":[{"href":"https:\/\/www.sudoestehoje.com.br\/novoportal\/wp-json\/wp\/v2\/posts"}],"about":[{"href":"https:\/\/www.sudoestehoje.com.br\/novoportal\/wp-json\/wp\/v2\/types\/post"}],"author":[{"embeddable":true,"href":"https:\/\/www.sudoestehoje.com.br\/novoportal\/wp-json\/wp\/v2\/users\/2"}],"replies":[{"embeddable":true,"href":"https:\/\/www.sudoestehoje.com.br\/novoportal\/wp-json\/wp\/v2\/comments?post=73396"}],"version-history":[{"count":4,"href":"https:\/\/www.sudoestehoje.com.br\/novoportal\/wp-json\/wp\/v2\/posts\/73396\/revisions"}],"predecessor-version":[{"id":73404,"href":"https:\/\/www.sudoestehoje.com.br\/novoportal\/wp-json\/wp\/v2\/posts\/73396\/revisions\/73404"}],"wp:featuredmedia":[{"embeddable":true,"href":"https:\/\/www.sudoestehoje.com.br\/novoportal\/wp-json\/wp\/v2\/media\/73399"}],"wp:attachment":[{"href":"https:\/\/www.sudoestehoje.com.br\/novoportal\/wp-json\/wp\/v2\/media?parent=73396"}],"wp:term":[{"taxonomy":"category","embeddable":true,"href":"https:\/\/www.sudoestehoje.com.br\/novoportal\/wp-json\/wp\/v2\/categories?post=73396"},{"taxonomy":"post_tag","embeddable":true,"href":"https:\/\/www.sudoestehoje.com.br\/novoportal\/wp-json\/wp\/v2\/tags?post=73396"}],"curies":[{"name":"wp","href":"https:\/\/api.w.org\/{rel}","templated":true}]}}