
{"id":73387,"date":"2018-07-09T18:03:45","date_gmt":"2018-07-09T21:03:45","guid":{"rendered":"http:\/\/www.sudoestehoje.com.br\/novoportal\/?p=73387"},"modified":"2018-07-09T18:03:45","modified_gmt":"2018-07-09T21:03:45","slug":"apos-levantamento-tj-ba-diz-que-comarca-de-itapetinga-tem-15-servidores-em-excesso","status":"publish","type":"post","link":"https:\/\/www.sudoestehoje.com.br\/novoportal\/2018\/07\/09\/apos-levantamento-tj-ba-diz-que-comarca-de-itapetinga-tem-15-servidores-em-excesso\/","title":{"rendered":"AP\u00d3S LEVANTAMENTO, TJ-BA DIZ QUE COMARCA DE ITAPETINGA TEM 15 SERVIDORES &#8220;EM EXCESSO&#8221;"},"content":{"rendered":"<p><a href=\"http:\/\/www.sudoestehoje.com.br\/novoportal\/wp-content\/uploads\/2018\/07\/FORUM-ITAPETINGA-SUDOESTE-HOJE.jpg\"><img loading=\"lazy\" decoding=\"async\" class=\"aligncenter size-medium wp-image-73394\" src=\"http:\/\/www.sudoestehoje.com.br\/novoportal\/wp-content\/uploads\/2018\/07\/FORUM-ITAPETINGA-SUDOESTE-HOJE-500x375.jpg\" alt=\"\" width=\"500\" height=\"375\" srcset=\"https:\/\/www.sudoestehoje.com.br\/novoportal\/wp-content\/uploads\/2018\/07\/FORUM-ITAPETINGA-SUDOESTE-HOJE-500x375.jpg 500w, https:\/\/www.sudoestehoje.com.br\/novoportal\/wp-content\/uploads\/2018\/07\/FORUM-ITAPETINGA-SUDOESTE-HOJE-768x576.jpg 768w, https:\/\/www.sudoestehoje.com.br\/novoportal\/wp-content\/uploads\/2018\/07\/FORUM-ITAPETINGA-SUDOESTE-HOJE-700x525.jpg 700w, https:\/\/www.sudoestehoje.com.br\/novoportal\/wp-content\/uploads\/2018\/07\/FORUM-ITAPETINGA-SUDOESTE-HOJE.jpg 960w\" sizes=\"auto, (max-width: 500px) 100vw, 500px\" \/><\/a><\/p>\n<p>Uma queixa comum e comentada por entidades ligadas \u00e0 Justi\u00e7a \u00e9 a falta de servidores para a presta\u00e7\u00e3o de servi\u00e7os n\u00e3o apenas \u00e0s institui\u00e7\u00f5es que a regem como tamb\u00e9m a sociedade. Contudo, um levantamento realizado pelo Tribunal de Justi\u00e7a da Bahia (TJBA) e publicado no Di\u00e1rio Eletr\u00f4nico (DJE) no m\u00eas passado, aponta que, na verdade, existe um excesso de profissionais e a quest\u00e3o seria um equil\u00edbrio entre as comarcas que possuem mais ou menos pessoas trabalhando.<\/p>\n<p>Nessa investiga\u00e7\u00e3o, \u00e9 destacado que existem 820 servidores em excesso espalhados pelas comarcas de Salvador e do interior do estado. Chamam a aten\u00e7\u00e3o munic\u00edpios como Esplanada (19), Maca\u00fabas (16), <strong>Itapetinga (15)<\/strong>, Senhor do Bonfim, Barra (12), Serrinha (11) e Oliveira dos Brejinhos (9). J\u00e1 A capital baiana lidera esse rol com 46 servidores a mais do que o necess\u00e1rio.<\/p>\n<p>Por outro lado, o mesmo levantamento mostra que existem 364 vagas dispon\u00edveis nas comarcas baianas \u2013 foram levadas em conta, entre outros, as varas da fazenda p\u00fablica, criminais, inf\u00e2ncia e juventude e os juizados especiais c\u00edveis e criminais. No interior da Bahia, o primeiro lugar \u00e9 ocupado pela cidade de Cama\u00e7ar\u00ed, com 24 posi\u00e7\u00f5es a serem ocupadas, seguido por Feira de Santana, com 17 e Porto Seguro, com 10. Salvador, ao todo, tem 119 vagas dispon\u00edveis.<\/p>\n<p>Ou seja, se for realizada a relota\u00e7\u00e3o desses servidores excedentes em todo o estado \u2013 de acordo com o Estatuto dos Servidores do Estado da Bahia, relota\u00e7\u00e3o \u00e9 a movimenta\u00e7\u00e3o do servidor, com o respectivo cargo, com ou sem mudan\u00e7a de sede, para outro \u00f3rg\u00e3o ou entidade do mesmo Poder e natureza jur\u00eddica \u2013 ainda existiria um saldo de 456 profissionais \u00e0 disposi\u00e7\u00e3o, j\u00e1 que o n\u00famero de vagas n\u00e3o abrangeria todos os excedentes, conforme exposto pelo levantamento do Tribunal de Justi\u00e7a. \/\/BN<\/p>\n","protected":false},"excerpt":{"rendered":"<p>Uma queixa comum e comentada por entidades ligadas \u00e0 Justi\u00e7a \u00e9 a falta de servidores para a presta\u00e7\u00e3o de servi\u00e7os n\u00e3o apenas \u00e0s institui\u00e7\u00f5es que a regem como tamb\u00e9m a sociedade. Contudo, um levantamento realizado pelo Tribunal de Justi\u00e7a da Bahia (TJBA) e publicado no Di\u00e1rio Eletr\u00f4nico (DJE) no m\u00eas passado, aponta que, na verdade, [&hellip;]<\/p>\n","protected":false},"author":2,"featured_media":73394,"comment_status":"open","ping_status":"open","sticky":false,"template":"","format":"standard","meta":{"footnotes":"","_links_to":"","_links_to_target":""},"categories":[1],"tags":[],"class_list":["post-73387","post","type-post","status-publish","format-standard","has-post-thumbnail","hentry","category-geral"],"views":1496,"_links":{"self":[{"href":"https:\/\/www.sudoestehoje.com.br\/novoportal\/wp-json\/wp\/v2\/posts\/73387","targetHints":{"allow":["GET"]}}],"collection":[{"href":"https:\/\/www.sudoestehoje.com.br\/novoportal\/wp-json\/wp\/v2\/posts"}],"about":[{"href":"https:\/\/www.sudoestehoje.com.br\/novoportal\/wp-json\/wp\/v2\/types\/post"}],"author":[{"embeddable":true,"href":"https:\/\/www.sudoestehoje.com.br\/novoportal\/wp-json\/wp\/v2\/users\/2"}],"replies":[{"embeddable":true,"href":"https:\/\/www.sudoestehoje.com.br\/novoportal\/wp-json\/wp\/v2\/comments?post=73387"}],"version-history":[{"count":7,"href":"https:\/\/www.sudoestehoje.com.br\/novoportal\/wp-json\/wp\/v2\/posts\/73387\/revisions"}],"predecessor-version":[{"id":73395,"href":"https:\/\/www.sudoestehoje.com.br\/novoportal\/wp-json\/wp\/v2\/posts\/73387\/revisions\/73395"}],"wp:featuredmedia":[{"embeddable":true,"href":"https:\/\/www.sudoestehoje.com.br\/novoportal\/wp-json\/wp\/v2\/media\/73394"}],"wp:attachment":[{"href":"https:\/\/www.sudoestehoje.com.br\/novoportal\/wp-json\/wp\/v2\/media?parent=73387"}],"wp:term":[{"taxonomy":"category","embeddable":true,"href":"https:\/\/www.sudoestehoje.com.br\/novoportal\/wp-json\/wp\/v2\/categories?post=73387"},{"taxonomy":"post_tag","embeddable":true,"href":"https:\/\/www.sudoestehoje.com.br\/novoportal\/wp-json\/wp\/v2\/tags?post=73387"}],"curies":[{"name":"wp","href":"https:\/\/api.w.org\/{rel}","templated":true}]}}