
{"id":73379,"date":"2018-07-09T17:42:40","date_gmt":"2018-07-09T20:42:40","guid":{"rendered":"http:\/\/www.sudoestehoje.com.br\/novoportal\/?p=73379"},"modified":"2018-07-09T17:44:54","modified_gmt":"2018-07-09T20:44:54","slug":"itapetinga-processos-judiciais-movidos-pelo-mpf-contra-ex-prefeito-sao-destaque-na-grande-midia-da-bahia","status":"publish","type":"post","link":"https:\/\/www.sudoestehoje.com.br\/novoportal\/2018\/07\/09\/itapetinga-processos-judiciais-movidos-pelo-mpf-contra-ex-prefeito-sao-destaque-na-grande-midia-da-bahia\/","title":{"rendered":"ITAPETINGA: PROCESSOS JUDICIAIS MOVIDOS PELO MPF CONTRA EX-PREFEITO S\u00c3O DESTAQUE NA GRANDE M\u00cdDIA DA BAHIA"},"content":{"rendered":"<p><a href=\"http:\/\/www.sudoestehoje.com.br\/novoportal\/wp-content\/uploads\/2018\/07\/ze.jpg\"><img loading=\"lazy\" decoding=\"async\" class=\"aligncenter wp-image-73382\" src=\"http:\/\/www.sudoestehoje.com.br\/novoportal\/wp-content\/uploads\/2018\/07\/ze.jpg\" alt=\"\" width=\"500\" height=\"333\" \/><\/a><\/p>\n<p><strong><em>Bahia Not\u00edcias<\/em><\/strong><\/p>\n<p>A Bahia \u00e9 o estado com segundo maior n\u00famero de <strong>a\u00e7\u00f5es de improbidade administrativa<\/strong> ajuizadas pelo Minist\u00e9rio P\u00fablico Federal (MPF) nos \u00faltimos cinco anos. Segundo a coluna Sat\u00e9lite, do jornal <em>Correio<\/em>, gestores e ex-agentes p\u00fablicos baianos foram alvos de 1.234 processos movidos pela Procuradoria desde 2013.<\/p>\n<p>Quem ocupa a lideran\u00e7a do ranking entre os estados brasileiros \u00e9 o Maranh\u00e3o, com 1.419 a\u00e7\u00f5es relacionadas a irregularidades com recursos federais neste mesmo per\u00edodo. Minas Gerais fecha o p\u00f3dio, no terceiro lugar, com 990 casos.<\/p>\n<p>Aqui na Bahia, Feira de Santana \u00e9 campe\u00e3 em n\u00famero de ajuizamentos, com 193 processos. Logo depois, aparecem Ilh\u00e9us (153), Irec\u00ea (147), Jequi\u00e9 (131) e Vit\u00f3ria da Conquista (110).<\/p>\n<p><strong><em>Itapetinga tem 4 processos ajuizados pelo Minist\u00e9rio P\u00fablico Federal, sendo 3 em instru\u00e7\u00e3o e 1 com senten\u00e7a procedente, todos movidos contra o ex- prefeito JOS\u00c9 CARLOS CRUZ CERQUEIRA MOURA, que governou o munic\u00edpio de 2009 a 2016<\/em><\/strong><\/p>\n<p>O levantamento foi feito com base no Mapa da Improbidade do MPF. Ainda de acordo com a publica\u00e7\u00e3o, entre junho do ano passado e maio de 2018, foram 329 a\u00e7\u00f5es ajuizadas na Bahia, com 51 senten\u00e7as pela condena\u00e7\u00e3o dos acusados.<\/p>\n","protected":false},"excerpt":{"rendered":"<p>Bahia Not\u00edcias A Bahia \u00e9 o estado com segundo maior n\u00famero de a\u00e7\u00f5es de improbidade administrativa ajuizadas pelo Minist\u00e9rio P\u00fablico Federal (MPF) nos \u00faltimos cinco anos. Segundo a coluna Sat\u00e9lite, do jornal Correio, gestores e ex-agentes p\u00fablicos baianos foram alvos de 1.234 processos movidos pela Procuradoria desde 2013. Quem ocupa a lideran\u00e7a do ranking entre [&hellip;]<\/p>\n","protected":false},"author":2,"featured_media":73382,"comment_status":"open","ping_status":"open","sticky":false,"template":"","format":"standard","meta":{"footnotes":"","_links_to":"","_links_to_target":""},"categories":[1],"tags":[],"class_list":["post-73379","post","type-post","status-publish","format-standard","has-post-thumbnail","hentry","category-geral"],"views":1581,"_links":{"self":[{"href":"https:\/\/www.sudoestehoje.com.br\/novoportal\/wp-json\/wp\/v2\/posts\/73379","targetHints":{"allow":["GET"]}}],"collection":[{"href":"https:\/\/www.sudoestehoje.com.br\/novoportal\/wp-json\/wp\/v2\/posts"}],"about":[{"href":"https:\/\/www.sudoestehoje.com.br\/novoportal\/wp-json\/wp\/v2\/types\/post"}],"author":[{"embeddable":true,"href":"https:\/\/www.sudoestehoje.com.br\/novoportal\/wp-json\/wp\/v2\/users\/2"}],"replies":[{"embeddable":true,"href":"https:\/\/www.sudoestehoje.com.br\/novoportal\/wp-json\/wp\/v2\/comments?post=73379"}],"version-history":[{"count":6,"href":"https:\/\/www.sudoestehoje.com.br\/novoportal\/wp-json\/wp\/v2\/posts\/73379\/revisions"}],"predecessor-version":[{"id":73386,"href":"https:\/\/www.sudoestehoje.com.br\/novoportal\/wp-json\/wp\/v2\/posts\/73379\/revisions\/73386"}],"wp:featuredmedia":[{"embeddable":true,"href":"https:\/\/www.sudoestehoje.com.br\/novoportal\/wp-json\/wp\/v2\/media\/73382"}],"wp:attachment":[{"href":"https:\/\/www.sudoestehoje.com.br\/novoportal\/wp-json\/wp\/v2\/media?parent=73379"}],"wp:term":[{"taxonomy":"category","embeddable":true,"href":"https:\/\/www.sudoestehoje.com.br\/novoportal\/wp-json\/wp\/v2\/categories?post=73379"},{"taxonomy":"post_tag","embeddable":true,"href":"https:\/\/www.sudoestehoje.com.br\/novoportal\/wp-json\/wp\/v2\/tags?post=73379"}],"curies":[{"name":"wp","href":"https:\/\/api.w.org\/{rel}","templated":true}]}}