
{"id":73375,"date":"2018-07-09T09:15:12","date_gmt":"2018-07-09T12:15:12","guid":{"rendered":"http:\/\/www.sudoestehoje.com.br\/novoportal\/?p=73375"},"modified":"2018-07-09T09:15:13","modified_gmt":"2018-07-09T12:15:13","slug":"uniao-dos-vereadores-de-ibicui-decide-dar-apoio-ao-deputado-euclides-fernandes","status":"publish","type":"post","link":"https:\/\/www.sudoestehoje.com.br\/novoportal\/2018\/07\/09\/uniao-dos-vereadores-de-ibicui-decide-dar-apoio-ao-deputado-euclides-fernandes\/","title":{"rendered":"UNI\u00c3O DOS VEREADORES DE IBICU\u00cd DECIDE DAR APOIO AO DEPUTADO EUCLIDES FERNANDES"},"content":{"rendered":"<p><a href=\"http:\/\/www.sudoestehoje.com.br\/novoportal\/wp-content\/uploads\/2018\/07\/FAB\u00c3O-E-VEREADORES-DE-IBICU\u00cd.jpg\"><img loading=\"lazy\" decoding=\"async\" class=\"aligncenter size-medium wp-image-73376\" src=\"http:\/\/www.sudoestehoje.com.br\/novoportal\/wp-content\/uploads\/2018\/07\/FAB\u00c3O-E-VEREADORES-DE-IBICU\u00cd-500x375.jpg\" alt=\"\" width=\"500\" height=\"375\" srcset=\"https:\/\/www.sudoestehoje.com.br\/novoportal\/wp-content\/uploads\/2018\/07\/FAB\u00c3O-E-VEREADORES-DE-IBICU\u00cd-500x375.jpg 500w, https:\/\/www.sudoestehoje.com.br\/novoportal\/wp-content\/uploads\/2018\/07\/FAB\u00c3O-E-VEREADORES-DE-IBICU\u00cd-768x576.jpg 768w, https:\/\/www.sudoestehoje.com.br\/novoportal\/wp-content\/uploads\/2018\/07\/FAB\u00c3O-E-VEREADORES-DE-IBICU\u00cd-700x525.jpg 700w, https:\/\/www.sudoestehoje.com.br\/novoportal\/wp-content\/uploads\/2018\/07\/FAB\u00c3O-E-VEREADORES-DE-IBICU\u00cd.jpg 960w\" sizes=\"auto, (max-width: 500px) 100vw, 500px\" \/><\/a><\/p>\n<p>Vivendo um momento pol\u00edtico novo e com o pensamento de construir uma nova etapa pol\u00edtica, os vereadores Be\u00e1, Jo\u00e3o Rocha, Neorm\u00edsia, Tat\u00e1 e Bernardo Brand\u00e3o se uniram com as lideran\u00e7as pol\u00edticas Rony Morais e Dr. Fabio para construir o apoio ao Deputado Euclides Fernandes nas elei\u00e7\u00f5es estaduais de 2018.<\/p>\n<p>Segundo as lideran\u00e7as pol\u00edticas Rony Morais e Dr. F\u00e1bio, essa \u00e9 uma alian\u00e7a de compromisso e respeito, tendo em vista que os vereadores preocupados com a imagem pol\u00edtica desprestigiada da atualidade visam resgatar o sentimento de credibilidade perante a sociedade.<\/p>\n<p>O Deputado Euclides ressaltou a sua felicidade nessa uni\u00e3o uma vez que o seu compromisso com Ibicu\u00ed vem desde a sua amizade com o saudoso prefeito Corn\u00e9lio Morais, tio de Rony. \/\/<em>Ascom<\/em><\/p>\n","protected":false},"excerpt":{"rendered":"<p>Vivendo um momento pol\u00edtico novo e com o pensamento de construir uma nova etapa pol\u00edtica, os vereadores Be\u00e1, Jo\u00e3o Rocha, Neorm\u00edsia, Tat\u00e1 e Bernardo Brand\u00e3o se uniram com as lideran\u00e7as pol\u00edticas Rony Morais e Dr. Fabio para construir o apoio ao Deputado Euclides Fernandes nas elei\u00e7\u00f5es estaduais de 2018. Segundo as lideran\u00e7as pol\u00edticas Rony Morais [&hellip;]<\/p>\n","protected":false},"author":2,"featured_media":73376,"comment_status":"open","ping_status":"open","sticky":false,"template":"","format":"standard","meta":{"footnotes":"","_links_to":"","_links_to_target":""},"categories":[1],"tags":[],"class_list":["post-73375","post","type-post","status-publish","format-standard","has-post-thumbnail","hentry","category-geral"],"views":1526,"_links":{"self":[{"href":"https:\/\/www.sudoestehoje.com.br\/novoportal\/wp-json\/wp\/v2\/posts\/73375","targetHints":{"allow":["GET"]}}],"collection":[{"href":"https:\/\/www.sudoestehoje.com.br\/novoportal\/wp-json\/wp\/v2\/posts"}],"about":[{"href":"https:\/\/www.sudoestehoje.com.br\/novoportal\/wp-json\/wp\/v2\/types\/post"}],"author":[{"embeddable":true,"href":"https:\/\/www.sudoestehoje.com.br\/novoportal\/wp-json\/wp\/v2\/users\/2"}],"replies":[{"embeddable":true,"href":"https:\/\/www.sudoestehoje.com.br\/novoportal\/wp-json\/wp\/v2\/comments?post=73375"}],"version-history":[{"count":2,"href":"https:\/\/www.sudoestehoje.com.br\/novoportal\/wp-json\/wp\/v2\/posts\/73375\/revisions"}],"predecessor-version":[{"id":73378,"href":"https:\/\/www.sudoestehoje.com.br\/novoportal\/wp-json\/wp\/v2\/posts\/73375\/revisions\/73378"}],"wp:featuredmedia":[{"embeddable":true,"href":"https:\/\/www.sudoestehoje.com.br\/novoportal\/wp-json\/wp\/v2\/media\/73376"}],"wp:attachment":[{"href":"https:\/\/www.sudoestehoje.com.br\/novoportal\/wp-json\/wp\/v2\/media?parent=73375"}],"wp:term":[{"taxonomy":"category","embeddable":true,"href":"https:\/\/www.sudoestehoje.com.br\/novoportal\/wp-json\/wp\/v2\/categories?post=73375"},{"taxonomy":"post_tag","embeddable":true,"href":"https:\/\/www.sudoestehoje.com.br\/novoportal\/wp-json\/wp\/v2\/tags?post=73375"}],"curies":[{"name":"wp","href":"https:\/\/api.w.org\/{rel}","templated":true}]}}