
{"id":73361,"date":"2018-07-08T19:06:19","date_gmt":"2018-07-08T22:06:19","guid":{"rendered":"http:\/\/www.sudoestehoje.com.br\/novoportal\/?p=73361"},"modified":"2018-07-08T19:57:11","modified_gmt":"2018-07-08T22:57:11","slug":"73361","status":"publish","type":"post","link":"https:\/\/www.sudoestehoje.com.br\/novoportal\/2018\/07\/08\/73361\/","title":{"rendered":"PRESIDENTE DO TRF-4 DECIDE MANTER LULA PRESO"},"content":{"rendered":"<p><a href=\"http:\/\/www.sudoestehoje.com.br\/novoportal\/wp-content\/uploads\/2018\/07\/lula_preso-495x330.jpg\"><img loading=\"lazy\" decoding=\"async\" class=\"aligncenter  wp-image-73365\" src=\"http:\/\/www.sudoestehoje.com.br\/novoportal\/wp-content\/uploads\/2018\/07\/lula_preso-495x330.jpg\" alt=\"\" width=\"501\" height=\"334\" \/><\/a><\/p>\n<p>O presidente do Tribunal Regional Federal da 4\u00aa Regi\u00e3o (TRF-4) decidiu que o ex-presidente Lula deve continuar preso. O desembargador Thompson Flores afirmou que o caso compete mesmo ao relator do processo, Gebran Neto, e n\u00e3o ao plantonista Rog\u00e9rio Favreto.<\/p>\n<p>Flores alega que a pr\u00e9-candidatura de Lula n\u00e3o \u00e9 um fato novo, como argumentou Favreto.<\/p>\n<p><em>&#8220;Os fundamentos que embasam o pedido de Habeas Corpus n. 5025614-40.2018.4.04.0000\/PR n\u00e3o diferem daqueles j\u00e1 submetidos e efetivamente analisados pelo \u00d3rg\u00e3o Jurisdicional Natural da lide. Rigorosamente, a not\u00edcia da pr\u00e9-candidatura eleitoral do paciente \u00e9 fato p\u00fablico\/not\u00f3rio do qual j\u00e1 se tinha not\u00edcia por ocasi\u00e3o do julgamento da lide pela 8\u00aa Turma desta Corte. Nesse sentido, bem andou a decis\u00e3o do Des. Federal Relator Jo\u00e3o Pedro Gebran Neto&#8221;<\/em>.<\/p>\n<p><iframe loading=\"lazy\" title=\"#SHORTS GIFS ANIMADOS SOLTA O LULA PRENDE O LULA\" width=\"500\" height=\"375\" src=\"https:\/\/www.youtube.com\/embed\/98TwB7XpFpo?feature=oembed\" frameborder=\"0\" allow=\"accelerometer; autoplay; clipboard-write; encrypted-media; gyroscope; picture-in-picture; web-share\" referrerpolicy=\"strict-origin-when-cross-origin\" allowfullscreen><\/iframe><\/p>\n","protected":false},"excerpt":{"rendered":"<p>O presidente do Tribunal Regional Federal da 4\u00aa Regi\u00e3o (TRF-4) decidiu que o ex-presidente Lula deve continuar preso. O desembargador Thompson Flores afirmou que o caso compete mesmo ao relator do processo, Gebran Neto, e n\u00e3o ao plantonista Rog\u00e9rio Favreto. Flores alega que a pr\u00e9-candidatura de Lula n\u00e3o \u00e9 um fato novo, como argumentou Favreto. [&hellip;]<\/p>\n","protected":false},"author":2,"featured_media":73365,"comment_status":"open","ping_status":"open","sticky":false,"template":"","format":"standard","meta":{"footnotes":"","_links_to":"","_links_to_target":""},"categories":[1],"tags":[],"class_list":["post-73361","post","type-post","status-publish","format-standard","has-post-thumbnail","hentry","category-geral"],"views":1331,"_links":{"self":[{"href":"https:\/\/www.sudoestehoje.com.br\/novoportal\/wp-json\/wp\/v2\/posts\/73361","targetHints":{"allow":["GET"]}}],"collection":[{"href":"https:\/\/www.sudoestehoje.com.br\/novoportal\/wp-json\/wp\/v2\/posts"}],"about":[{"href":"https:\/\/www.sudoestehoje.com.br\/novoportal\/wp-json\/wp\/v2\/types\/post"}],"author":[{"embeddable":true,"href":"https:\/\/www.sudoestehoje.com.br\/novoportal\/wp-json\/wp\/v2\/users\/2"}],"replies":[{"embeddable":true,"href":"https:\/\/www.sudoestehoje.com.br\/novoportal\/wp-json\/wp\/v2\/comments?post=73361"}],"version-history":[{"count":3,"href":"https:\/\/www.sudoestehoje.com.br\/novoportal\/wp-json\/wp\/v2\/posts\/73361\/revisions"}],"predecessor-version":[{"id":73366,"href":"https:\/\/www.sudoestehoje.com.br\/novoportal\/wp-json\/wp\/v2\/posts\/73361\/revisions\/73366"}],"wp:featuredmedia":[{"embeddable":true,"href":"https:\/\/www.sudoestehoje.com.br\/novoportal\/wp-json\/wp\/v2\/media\/73365"}],"wp:attachment":[{"href":"https:\/\/www.sudoestehoje.com.br\/novoportal\/wp-json\/wp\/v2\/media?parent=73361"}],"wp:term":[{"taxonomy":"category","embeddable":true,"href":"https:\/\/www.sudoestehoje.com.br\/novoportal\/wp-json\/wp\/v2\/categories?post=73361"},{"taxonomy":"post_tag","embeddable":true,"href":"https:\/\/www.sudoestehoje.com.br\/novoportal\/wp-json\/wp\/v2\/tags?post=73361"}],"curies":[{"name":"wp","href":"https:\/\/api.w.org\/{rel}","templated":true}]}}