
{"id":73314,"date":"2018-07-06T22:28:18","date_gmt":"2018-07-07T01:28:18","guid":{"rendered":"http:\/\/www.sudoestehoje.com.br\/novoportal\/?p=73314"},"modified":"2018-07-06T22:28:18","modified_gmt":"2018-07-07T01:28:18","slug":"eleicoes-ex-vice-prefeito-de-aracatu-fecha-com-ciano-filho-para-deputado-federal","status":"publish","type":"post","link":"https:\/\/www.sudoestehoje.com.br\/novoportal\/2018\/07\/06\/eleicoes-ex-vice-prefeito-de-aracatu-fecha-com-ciano-filho-para-deputado-federal\/","title":{"rendered":"ELEI\u00c7\u00d5ES: EX VICE-PREFEITO DE ARACATU FECHA COM CIANO FILHO PARA DEPUTADO FEDERAL"},"content":{"rendered":"<p><a href=\"http:\/\/www.sudoestehoje.com.br\/novoportal\/wp-content\/uploads\/2018\/07\/NIVA-ARACATU.jpg\"><img loading=\"lazy\" decoding=\"async\" class=\"aligncenter size-medium wp-image-73315\" src=\"http:\/\/www.sudoestehoje.com.br\/novoportal\/wp-content\/uploads\/2018\/07\/NIVA-ARACATU-500x379.jpg\" alt=\"\" width=\"500\" height=\"379\" srcset=\"https:\/\/www.sudoestehoje.com.br\/novoportal\/wp-content\/uploads\/2018\/07\/NIVA-ARACATU-500x379.jpg 500w, https:\/\/www.sudoestehoje.com.br\/novoportal\/wp-content\/uploads\/2018\/07\/NIVA-ARACATU-768x582.jpg 768w, https:\/\/www.sudoestehoje.com.br\/novoportal\/wp-content\/uploads\/2018\/07\/NIVA-ARACATU-700x531.jpg 700w, https:\/\/www.sudoestehoje.com.br\/novoportal\/wp-content\/uploads\/2018\/07\/NIVA-ARACATU.jpg 960w\" sizes=\"auto, (max-width: 500px) 100vw, 500px\" \/><\/a><\/p>\n<p>O ex vice-prefeito de Aracatu, Nilvaldo Balbino da Silva, o popular Niva, fechou quest\u00e3o com seu grupo em torno do nome de Ciano Filho para deputado federal. Ex-vereador, Niva \u00e9 uma das mais expressivas lideran\u00e7as populares de Aracatu e defende que exista renova\u00e7\u00e3o na pol\u00edtica para que os eleitores n\u00e3o se afastem das urnas e dos debates.<\/p>\n<p><em> \u201cNossa op\u00e7\u00e3o por Ciano Filho \u00e9 principalmente por saber que precisamos fazer renova\u00e7\u00e3o, mas com responsabilidade, com gente de car\u00e1ter. Por isso nosso apoio a Ciano Filho para deputado federal, pela certeza de que temos que eleger algu\u00e9m com compromissos com a regi\u00e3o e que possa nos representar na C\u00e2mara dos Deputados\u201d<\/em>, afirmou Niva.<\/p>\n<p>Ciano Filho afirmou que sua pr\u00e9-candidatura tem crescido com importantes apoios e que pretende honrar cada gesto atuando de forma digna caso seja eleito. <em>\u201cNiva \u00e9 um homem de bem, direito, com total prest\u00edgio, respeitado por todos, humilde, simples. Fico gratificado com esse apoio, feliz por ter a confian\u00e7a de uma lideran\u00e7a de tamanha qualidade\u201d<\/em>, afirmou.<\/p>\n","protected":false},"excerpt":{"rendered":"<p>O ex vice-prefeito de Aracatu, Nilvaldo Balbino da Silva, o popular Niva, fechou quest\u00e3o com seu grupo em torno do nome de Ciano Filho para deputado federal. Ex-vereador, Niva \u00e9 uma das mais expressivas lideran\u00e7as populares de Aracatu e defende que exista renova\u00e7\u00e3o na pol\u00edtica para que os eleitores n\u00e3o se afastem das urnas e [&hellip;]<\/p>\n","protected":false},"author":2,"featured_media":73315,"comment_status":"open","ping_status":"open","sticky":false,"template":"","format":"standard","meta":{"footnotes":"","_links_to":"","_links_to_target":""},"categories":[1],"tags":[],"class_list":["post-73314","post","type-post","status-publish","format-standard","has-post-thumbnail","hentry","category-geral"],"views":1475,"_links":{"self":[{"href":"https:\/\/www.sudoestehoje.com.br\/novoportal\/wp-json\/wp\/v2\/posts\/73314","targetHints":{"allow":["GET"]}}],"collection":[{"href":"https:\/\/www.sudoestehoje.com.br\/novoportal\/wp-json\/wp\/v2\/posts"}],"about":[{"href":"https:\/\/www.sudoestehoje.com.br\/novoportal\/wp-json\/wp\/v2\/types\/post"}],"author":[{"embeddable":true,"href":"https:\/\/www.sudoestehoje.com.br\/novoportal\/wp-json\/wp\/v2\/users\/2"}],"replies":[{"embeddable":true,"href":"https:\/\/www.sudoestehoje.com.br\/novoportal\/wp-json\/wp\/v2\/comments?post=73314"}],"version-history":[{"count":1,"href":"https:\/\/www.sudoestehoje.com.br\/novoportal\/wp-json\/wp\/v2\/posts\/73314\/revisions"}],"predecessor-version":[{"id":73316,"href":"https:\/\/www.sudoestehoje.com.br\/novoportal\/wp-json\/wp\/v2\/posts\/73314\/revisions\/73316"}],"wp:featuredmedia":[{"embeddable":true,"href":"https:\/\/www.sudoestehoje.com.br\/novoportal\/wp-json\/wp\/v2\/media\/73315"}],"wp:attachment":[{"href":"https:\/\/www.sudoestehoje.com.br\/novoportal\/wp-json\/wp\/v2\/media?parent=73314"}],"wp:term":[{"taxonomy":"category","embeddable":true,"href":"https:\/\/www.sudoestehoje.com.br\/novoportal\/wp-json\/wp\/v2\/categories?post=73314"},{"taxonomy":"post_tag","embeddable":true,"href":"https:\/\/www.sudoestehoje.com.br\/novoportal\/wp-json\/wp\/v2\/tags?post=73314"}],"curies":[{"name":"wp","href":"https:\/\/api.w.org\/{rel}","templated":true}]}}