
{"id":73286,"date":"2018-07-05T19:16:45","date_gmt":"2018-07-05T22:16:45","guid":{"rendered":"http:\/\/www.sudoestehoje.com.br\/novoportal\/?p=73286"},"modified":"2018-07-05T19:16:45","modified_gmt":"2018-07-05T22:16:45","slug":"barreiras-vice-governador-e-internado-apos-passar-mal-em-inauguracao","status":"publish","type":"post","link":"https:\/\/www.sudoestehoje.com.br\/novoportal\/2018\/07\/05\/barreiras-vice-governador-e-internado-apos-passar-mal-em-inauguracao\/","title":{"rendered":"BARREIRAS: VICE- GOVERNADOR \u00c9 INTERNADO AP\u00d3S PASSAR MAL EM INAUGURA\u00c7\u00c3O"},"content":{"rendered":"<div class=\"mc-column content-text active-extra-styles active-capital-letter\" data-block-type=\"unstyled\" data-block-weight=\"42\" data-block-id=\"2\">\n<p class=\"content-text__container theme-color-primary-first-letter\" data-track-category=\"Link no Texto\" data-track-links=\"\"><a href=\"http:\/\/www.sudoestehoje.com.br\/novoportal\/wp-content\/uploads\/2018\/07\/JO\u00c3O-LE\u00c3O.jpg\"><img loading=\"lazy\" decoding=\"async\" class=\"aligncenter size-medium wp-image-73292\" src=\"http:\/\/www.sudoestehoje.com.br\/novoportal\/wp-content\/uploads\/2018\/07\/JO\u00c3O-LE\u00c3O-500x309.jpg\" alt=\"\" width=\"500\" height=\"309\" srcset=\"https:\/\/www.sudoestehoje.com.br\/novoportal\/wp-content\/uploads\/2018\/07\/JO\u00c3O-LE\u00c3O-500x309.jpg 500w, https:\/\/www.sudoestehoje.com.br\/novoportal\/wp-content\/uploads\/2018\/07\/JO\u00c3O-LE\u00c3O-768x474.jpg 768w, https:\/\/www.sudoestehoje.com.br\/novoportal\/wp-content\/uploads\/2018\/07\/JO\u00c3O-LE\u00c3O-700x432.jpg 700w, https:\/\/www.sudoestehoje.com.br\/novoportal\/wp-content\/uploads\/2018\/07\/JO\u00c3O-LE\u00c3O.jpg 940w\" sizes=\"auto, (max-width: 500px) 100vw, 500px\" \/><\/a><\/p>\n<p class=\"content-text__container theme-color-primary-first-letter\" data-track-category=\"Link no Texto\" data-track-links=\"\">O vice-governador da Bahia, Jo\u00e3o Le\u00e3o (PP), foi internado no Hospital Regional do Oeste, na cidade de Barreiras, ap\u00f3s passar mal durante a cerim\u00f4nia de inaugura\u00e7\u00e3o de uma Unidade de Pronto Atendimento (UPA), no munic\u00edpio, no in\u00edcio da tarde desta quinta-feira (5).<\/p>\n<\/div>\n<div class=\"wall\">\n<div class=\"mc-column content-text active-extra-styles \" data-block-type=\"unstyled\" data-block-weight=\"52\" data-block-id=\"3\">\n<p class=\"content-text__container \" data-track-category=\"Link no Texto\" data-track-links=\"\">De acordo com a Secretaria de Comunica\u00e7\u00e3o do governo, Jo\u00e3o Le\u00e3o, que tem 72 anos, sofreu uma queda de press\u00e3o. No Hospital do Oeste, o vice est\u00e1 sendo submetido a exames de rotina. Segundo o governo, ele j\u00e1 teve a press\u00e3o estabilizada, est\u00e1 l\u00facido e seu quadro de sa\u00fade est\u00e1 sob controle.<\/p>\n<\/div>\n<\/div>\n<div data-track-category=\"fim do conteudo\" data-track-action=\"ultimo chunk conteudo\" data-track-noninteraction=\"false\" data-track-scroll=\"entrada completa viewport\">\n<div class=\"mc-column content-text active-extra-styles \" data-block-type=\"unstyled\" data-block-weight=\"38\" data-block-id=\"4\">\n<p class=\"content-text__container \" data-track-category=\"Link no Texto\" data-track-links=\"\">Ainda conforme a Secretaria de Comunica\u00e7\u00e3o, antes de chegar a Barreiras, onde fazia forte calor no momento da inaugura\u00e7\u00e3o da UPA, o vice-governador j\u00e1 havia cumprido agenda em dois outros munic\u00edpios do oeste do estado: Mansid\u00e3o e Buritirama.<\/p>\n<\/div>\n<\/div>\n","protected":false},"excerpt":{"rendered":"<p>O vice-governador da Bahia, Jo\u00e3o Le\u00e3o (PP), foi internado no Hospital Regional do Oeste, na cidade de Barreiras, ap\u00f3s passar mal durante a cerim\u00f4nia de inaugura\u00e7\u00e3o de uma Unidade de Pronto Atendimento (UPA), no munic\u00edpio, no in\u00edcio da tarde desta quinta-feira (5). De acordo com a Secretaria de Comunica\u00e7\u00e3o do governo, Jo\u00e3o Le\u00e3o, que tem [&hellip;]<\/p>\n","protected":false},"author":2,"featured_media":73292,"comment_status":"open","ping_status":"open","sticky":false,"template":"","format":"standard","meta":{"footnotes":"","_links_to":"","_links_to_target":""},"categories":[1],"tags":[],"class_list":["post-73286","post","type-post","status-publish","format-standard","has-post-thumbnail","hentry","category-geral"],"views":1557,"_links":{"self":[{"href":"https:\/\/www.sudoestehoje.com.br\/novoportal\/wp-json\/wp\/v2\/posts\/73286","targetHints":{"allow":["GET"]}}],"collection":[{"href":"https:\/\/www.sudoestehoje.com.br\/novoportal\/wp-json\/wp\/v2\/posts"}],"about":[{"href":"https:\/\/www.sudoestehoje.com.br\/novoportal\/wp-json\/wp\/v2\/types\/post"}],"author":[{"embeddable":true,"href":"https:\/\/www.sudoestehoje.com.br\/novoportal\/wp-json\/wp\/v2\/users\/2"}],"replies":[{"embeddable":true,"href":"https:\/\/www.sudoestehoje.com.br\/novoportal\/wp-json\/wp\/v2\/comments?post=73286"}],"version-history":[{"count":7,"href":"https:\/\/www.sudoestehoje.com.br\/novoportal\/wp-json\/wp\/v2\/posts\/73286\/revisions"}],"predecessor-version":[{"id":73294,"href":"https:\/\/www.sudoestehoje.com.br\/novoportal\/wp-json\/wp\/v2\/posts\/73286\/revisions\/73294"}],"wp:featuredmedia":[{"embeddable":true,"href":"https:\/\/www.sudoestehoje.com.br\/novoportal\/wp-json\/wp\/v2\/media\/73292"}],"wp:attachment":[{"href":"https:\/\/www.sudoestehoje.com.br\/novoportal\/wp-json\/wp\/v2\/media?parent=73286"}],"wp:term":[{"taxonomy":"category","embeddable":true,"href":"https:\/\/www.sudoestehoje.com.br\/novoportal\/wp-json\/wp\/v2\/categories?post=73286"},{"taxonomy":"post_tag","embeddable":true,"href":"https:\/\/www.sudoestehoje.com.br\/novoportal\/wp-json\/wp\/v2\/tags?post=73286"}],"curies":[{"name":"wp","href":"https:\/\/api.w.org\/{rel}","templated":true}]}}