
{"id":73283,"date":"2018-07-05T19:03:27","date_gmt":"2018-07-05T22:03:27","guid":{"rendered":"http:\/\/www.sudoestehoje.com.br\/novoportal\/?p=73283"},"modified":"2018-07-05T19:03:27","modified_gmt":"2018-07-05T22:03:27","slug":"jequie-operario-morre-soterrado-em-obra-da-embasa-local-estava-alagado","status":"publish","type":"post","link":"https:\/\/www.sudoestehoje.com.br\/novoportal\/2018\/07\/05\/jequie-operario-morre-soterrado-em-obra-da-embasa-local-estava-alagado\/","title":{"rendered":"JEQUI\u00c9: OPER\u00c1RIO MORRE SOTERRADO EM OBRA DA EMBASA; LOCAL ESTAVA ALAGADO"},"content":{"rendered":"<div class=\"mc-column content-text active-extra-styles active-capital-letter\" data-block-type=\"unstyled\" data-block-weight=\"39\" data-block-id=\"2\">\n<p class=\"content-text__container theme-color-primary-first-letter\" data-track-category=\"Link no Texto\" data-track-links=\"\"><a href=\"http:\/\/www.sudoestehoje.com.br\/novoportal\/wp-content\/uploads\/2018\/07\/OBRA-EMBASA.jpeg\"><img loading=\"lazy\" decoding=\"async\" class=\"aligncenter size-medium wp-image-73284\" src=\"http:\/\/www.sudoestehoje.com.br\/novoportal\/wp-content\/uploads\/2018\/07\/OBRA-EMBASA-500x360.jpeg\" alt=\"\" width=\"500\" height=\"360\" srcset=\"https:\/\/www.sudoestehoje.com.br\/novoportal\/wp-content\/uploads\/2018\/07\/OBRA-EMBASA-500x360.jpeg 500w, https:\/\/www.sudoestehoje.com.br\/novoportal\/wp-content\/uploads\/2018\/07\/OBRA-EMBASA.jpeg 640w\" sizes=\"auto, (max-width: 500px) 100vw, 500px\" \/><\/a><\/p>\n<p class=\"content-text__container theme-color-primary-first-letter\" data-track-category=\"Link no Texto\" data-track-links=\"\">Um homem, de identidade n\u00e3o divulgada, foi soterrado e morreu, na manh\u00e3 desta quinta-feira (5), em Jequi\u00e9, no sudoeste da Bahia. Segundo informa\u00e7\u00f5es do Corpo de Bombeiros Militar da Bahia, a v\u00edtima era um oper\u00e1rio que trabalhava em uma obra da Embasa no local.<\/p>\n<\/div>\n<div class=\"wall\">\n<div class=\"mc-column content-text active-extra-styles \" data-block-type=\"unstyled\" data-block-weight=\"24\" data-block-id=\"3\">\n<p class=\"content-text__container \" data-track-category=\"Link no Texto\" data-track-links=\"\">O caso ocorreu por volta das 9h15, na Rua da Linha, no bairro da Caixa D&#8217;\u00e1gua. N\u00e3o h\u00e1 detalhes de como o acidente aconteceu.<\/p>\n<\/div>\n<div class=\"mc-column content-text active-extra-styles \" data-block-type=\"unstyled\" data-block-weight=\"49\" data-block-id=\"4\">\n<p class=\"content-text__container \" data-track-category=\"Link no Texto\" data-track-links=\"\">De acordo com informa\u00e7\u00f5es preliminares do Corpo de Bombeiros, o local do soterramento estava alagado e tr\u00eas equipes da corpora\u00e7\u00e3o fizeram a retirada da \u00e1gua com bombas para que o corpo da v\u00edtima, que morreu no local, pudesse ser removido por uma equipe do Departamento de Pol\u00edcia T\u00e9cnica (DPT).<\/p>\n<\/div>\n<div class=\"mc-column content-text active-extra-styles \" data-block-type=\"unstyled\" data-block-weight=\"25\" data-block-id=\"5\">\n<p class=\"content-text__container \" data-track-category=\"Link no Texto\" data-track-links=\"\">O\u00a0<strong>G1<\/strong>\u00a0tentou contato com a Empresa Baiana de \u00c1guas e Saneamento (Embasa), respons\u00e1vel pela obra, mas, at\u00e9 a publica\u00e7\u00e3o desta reportagem, n\u00e3o conseguiu contato.<\/p>\n<\/div>\n<\/div>\n","protected":false},"excerpt":{"rendered":"<p>Um homem, de identidade n\u00e3o divulgada, foi soterrado e morreu, na manh\u00e3 desta quinta-feira (5), em Jequi\u00e9, no sudoeste da Bahia. Segundo informa\u00e7\u00f5es do Corpo de Bombeiros Militar da Bahia, a v\u00edtima era um oper\u00e1rio que trabalhava em uma obra da Embasa no local. O caso ocorreu por volta das 9h15, na Rua da Linha, [&hellip;]<\/p>\n","protected":false},"author":2,"featured_media":73284,"comment_status":"open","ping_status":"open","sticky":false,"template":"","format":"standard","meta":{"footnotes":"","_links_to":"","_links_to_target":""},"categories":[1],"tags":[],"class_list":["post-73283","post","type-post","status-publish","format-standard","has-post-thumbnail","hentry","category-geral"],"views":1380,"_links":{"self":[{"href":"https:\/\/www.sudoestehoje.com.br\/novoportal\/wp-json\/wp\/v2\/posts\/73283","targetHints":{"allow":["GET"]}}],"collection":[{"href":"https:\/\/www.sudoestehoje.com.br\/novoportal\/wp-json\/wp\/v2\/posts"}],"about":[{"href":"https:\/\/www.sudoestehoje.com.br\/novoportal\/wp-json\/wp\/v2\/types\/post"}],"author":[{"embeddable":true,"href":"https:\/\/www.sudoestehoje.com.br\/novoportal\/wp-json\/wp\/v2\/users\/2"}],"replies":[{"embeddable":true,"href":"https:\/\/www.sudoestehoje.com.br\/novoportal\/wp-json\/wp\/v2\/comments?post=73283"}],"version-history":[{"count":1,"href":"https:\/\/www.sudoestehoje.com.br\/novoportal\/wp-json\/wp\/v2\/posts\/73283\/revisions"}],"predecessor-version":[{"id":73285,"href":"https:\/\/www.sudoestehoje.com.br\/novoportal\/wp-json\/wp\/v2\/posts\/73283\/revisions\/73285"}],"wp:featuredmedia":[{"embeddable":true,"href":"https:\/\/www.sudoestehoje.com.br\/novoportal\/wp-json\/wp\/v2\/media\/73284"}],"wp:attachment":[{"href":"https:\/\/www.sudoestehoje.com.br\/novoportal\/wp-json\/wp\/v2\/media?parent=73283"}],"wp:term":[{"taxonomy":"category","embeddable":true,"href":"https:\/\/www.sudoestehoje.com.br\/novoportal\/wp-json\/wp\/v2\/categories?post=73283"},{"taxonomy":"post_tag","embeddable":true,"href":"https:\/\/www.sudoestehoje.com.br\/novoportal\/wp-json\/wp\/v2\/tags?post=73283"}],"curies":[{"name":"wp","href":"https:\/\/api.w.org\/{rel}","templated":true}]}}