
{"id":73279,"date":"2018-07-05T08:48:04","date_gmt":"2018-07-05T11:48:04","guid":{"rendered":"http:\/\/www.sudoestehoje.com.br\/novoportal\/?p=73279"},"modified":"2018-07-05T08:48:04","modified_gmt":"2018-07-05T11:48:04","slug":"sudoeste-passageiro-surta-dentro-de-onibus-e-causa-acidente-na-br-116","status":"publish","type":"post","link":"https:\/\/www.sudoestehoje.com.br\/novoportal\/2018\/07\/05\/sudoeste-passageiro-surta-dentro-de-onibus-e-causa-acidente-na-br-116\/","title":{"rendered":"SUDOESTE: PASSAGEIRO SURTA DENTRO DE \u00d4NIBUS E CAUSA ACIDENTE NA BR-116"},"content":{"rendered":"<p><a href=\"http:\/\/www.sudoestehoje.com.br\/novoportal\/wp-content\/uploads\/2018\/07\/ITAPEMIRIM.jpg\"><img loading=\"lazy\" decoding=\"async\" class=\"aligncenter  wp-image-73280\" src=\"http:\/\/www.sudoestehoje.com.br\/novoportal\/wp-content\/uploads\/2018\/07\/ITAPEMIRIM-500x375.jpg\" alt=\"\" width=\"501\" height=\"376\" srcset=\"https:\/\/www.sudoestehoje.com.br\/novoportal\/wp-content\/uploads\/2018\/07\/ITAPEMIRIM-500x375.jpg 500w, https:\/\/www.sudoestehoje.com.br\/novoportal\/wp-content\/uploads\/2018\/07\/ITAPEMIRIM-768x576.jpg 768w, https:\/\/www.sudoestehoje.com.br\/novoportal\/wp-content\/uploads\/2018\/07\/ITAPEMIRIM-700x525.jpg 700w, https:\/\/www.sudoestehoje.com.br\/novoportal\/wp-content\/uploads\/2018\/07\/ITAPEMIRIM.jpg 1280w\" sizes=\"auto, (max-width: 501px) 100vw, 501px\" \/><\/a><\/p>\n<p>O prov\u00e1vel surto psic\u00f3tico de um passageiro do \u00f4nibus da Itapemirim, que seguia de Canid\u00e9\/CE para S\u00e3o Paulo, provocou um grave acidente, na noite dessa quarta-feira (04), no km 772 da BR 116, trecho entre as cidades de Planalto e Po\u00e7\u00f5es. Uma pessoa morreu e seis ficaram feridas.<\/p>\n<p>De acordo com relato de passageiros e do motorista do \u00f4nibus, o passageiro atacou o motorista e tentou tomar o controle da dire\u00e7\u00e3o. Durante a luta, o condutor reduziu drasticamente a velocidade, por\u00e9m, o passageiro ainda conseguiu jogar o \u00f4nibus no acostamento da pista oposta e provocar o tombamento.<\/p>\n<p>Houve desespero e muita gritaria. O passageiro que causou o acidente fugiu e entrou no matagal. Uma senhora morreu ap\u00f3s sofrer parara card\u00edaca. Os passageiros sa\u00edram pelas sa\u00eddas de emerg\u00eancia do teto.<\/p>\n<p>Havia 41 passageiros e dois motoristas no \u00f4nibus. Ambul\u00e2ncias do Samu 192 e Via Bahia atenderam as v\u00edtimas. Elas foram encaminhadas a unidades de sa\u00fade em Po\u00e7\u00f5es, Planalto e ao hospital de Base em Vit\u00f3ria da Conquista.<\/p>\n<p>O passageiro que provocou o acidente ainda n\u00e3o foi identificado. Os outros passageiros relataram que ele estava inquieto desde o in\u00edcio da viagem e a todo momento dizia que tinha acabado de sair de um centro de recupera\u00e7\u00e3o. \/\/<em>Blitz Conquista<\/em><\/p>\n","protected":false},"excerpt":{"rendered":"<p>O prov\u00e1vel surto psic\u00f3tico de um passageiro do \u00f4nibus da Itapemirim, que seguia de Canid\u00e9\/CE para S\u00e3o Paulo, provocou um grave acidente, na noite dessa quarta-feira (04), no km 772 da BR 116, trecho entre as cidades de Planalto e Po\u00e7\u00f5es. Uma pessoa morreu e seis ficaram feridas. De acordo com relato de passageiros e [&hellip;]<\/p>\n","protected":false},"author":2,"featured_media":73280,"comment_status":"open","ping_status":"open","sticky":false,"template":"","format":"standard","meta":{"footnotes":"","_links_to":"","_links_to_target":""},"categories":[1],"tags":[],"class_list":["post-73279","post","type-post","status-publish","format-standard","has-post-thumbnail","hentry","category-geral"],"views":1341,"_links":{"self":[{"href":"https:\/\/www.sudoestehoje.com.br\/novoportal\/wp-json\/wp\/v2\/posts\/73279","targetHints":{"allow":["GET"]}}],"collection":[{"href":"https:\/\/www.sudoestehoje.com.br\/novoportal\/wp-json\/wp\/v2\/posts"}],"about":[{"href":"https:\/\/www.sudoestehoje.com.br\/novoportal\/wp-json\/wp\/v2\/types\/post"}],"author":[{"embeddable":true,"href":"https:\/\/www.sudoestehoje.com.br\/novoportal\/wp-json\/wp\/v2\/users\/2"}],"replies":[{"embeddable":true,"href":"https:\/\/www.sudoestehoje.com.br\/novoportal\/wp-json\/wp\/v2\/comments?post=73279"}],"version-history":[{"count":2,"href":"https:\/\/www.sudoestehoje.com.br\/novoportal\/wp-json\/wp\/v2\/posts\/73279\/revisions"}],"predecessor-version":[{"id":73282,"href":"https:\/\/www.sudoestehoje.com.br\/novoportal\/wp-json\/wp\/v2\/posts\/73279\/revisions\/73282"}],"wp:featuredmedia":[{"embeddable":true,"href":"https:\/\/www.sudoestehoje.com.br\/novoportal\/wp-json\/wp\/v2\/media\/73280"}],"wp:attachment":[{"href":"https:\/\/www.sudoestehoje.com.br\/novoportal\/wp-json\/wp\/v2\/media?parent=73279"}],"wp:term":[{"taxonomy":"category","embeddable":true,"href":"https:\/\/www.sudoestehoje.com.br\/novoportal\/wp-json\/wp\/v2\/categories?post=73279"},{"taxonomy":"post_tag","embeddable":true,"href":"https:\/\/www.sudoestehoje.com.br\/novoportal\/wp-json\/wp\/v2\/tags?post=73279"}],"curies":[{"name":"wp","href":"https:\/\/api.w.org\/{rel}","templated":true}]}}