
{"id":73274,"date":"2018-07-04T23:16:36","date_gmt":"2018-07-05T02:16:36","guid":{"rendered":"http:\/\/www.sudoestehoje.com.br\/novoportal\/?p=73274"},"modified":"2018-07-04T23:17:09","modified_gmt":"2018-07-05T02:17:09","slug":"barragem-do-rio-colonia-e-inaugurada-em-itape-obras-ficaram-paradas-por-3-anos","status":"publish","type":"post","link":"https:\/\/www.sudoestehoje.com.br\/novoportal\/2018\/07\/04\/barragem-do-rio-colonia-e-inaugurada-em-itape-obras-ficaram-paradas-por-3-anos\/","title":{"rendered":"BARRAGEM DO RIO COL\u00d4NIA \u00c9 INAUGURADA EM ITAP\u00c9; OBRAS FICARAM PARADAS POR 3 ANOS"},"content":{"rendered":"<div class=\"mc-column content-text active-extra-styles active-capital-letter\" data-block-type=\"unstyled\" data-block-weight=\"56\" data-block-id=\"2\">\n<p class=\"content-text__container theme-color-primary-first-letter\" data-track-category=\"Link no Texto\" data-track-links=\"\"><a href=\"http:\/\/www.sudoestehoje.com.br\/novoportal\/wp-content\/uploads\/2018\/07\/barragem.jpg\"><img loading=\"lazy\" decoding=\"async\" class=\"aligncenter size-medium wp-image-73276\" src=\"http:\/\/www.sudoestehoje.com.br\/novoportal\/wp-content\/uploads\/2018\/07\/barragem-500x281.jpg\" alt=\"\" width=\"500\" height=\"281\" srcset=\"https:\/\/www.sudoestehoje.com.br\/novoportal\/wp-content\/uploads\/2018\/07\/barragem-500x281.jpg 500w, https:\/\/www.sudoestehoje.com.br\/novoportal\/wp-content\/uploads\/2018\/07\/barragem.jpg 640w\" sizes=\"auto, (max-width: 500px) 100vw, 500px\" \/><\/a><\/p>\n<p class=\"content-text__container theme-color-primary-first-letter\" data-track-category=\"Link no Texto\" data-track-links=\"\">Foi inaugurada nesta quarta-feira (4) no munic\u00edpio de Itap\u00e9, na regi\u00e3o sul da Bahia, a barragem do Rio Col\u00f4nia. A obra, que <em><strong>custou mais de R$ 111 milh\u00f5es<\/strong><\/em>, chegou a ficar<strong><em> parada por tr\u00eas anos<\/em><\/strong> e, agora, a expectativa \u00e9 de que resolva o problema da constante falta de \u00e1gua em Itap\u00e9, Itabuna e munic\u00edpios vizinhos.<\/p>\n<\/div>\n<div class=\"wall\">\n<div class=\"mc-column content-text active-extra-styles \" data-block-type=\"unstyled\" data-block-weight=\"33\" data-block-id=\"3\">\n<p class=\"content-text__container \" data-track-category=\"Link no Texto\" data-track-links=\"\">Conforme o governo do estado, respons\u00e1vel pelas obras, a barragem, que tem 21,4 metros de altura e volume de \u00e1gua armazenado de 62,6 milh\u00f5es de m\u00b3, deve beneficiar mais de 353 mil habitantes.<\/p>\n<\/div>\n<div class=\"mc-column content-text active-extra-styles \" data-block-type=\"unstyled\" data-block-weight=\"36\" data-block-id=\"4\">\n<p class=\"content-text__container \" data-track-category=\"Link no Texto\" data-track-links=\"\">N\u00e3o houve necesidade de instalar tubula\u00e7\u00f5es. A \u00e1gua acumulada na barragem chegar\u00e1 por gravidade at\u00e9 o local onde \u00e9 feita a capta\u00e7\u00e3o, na localidade de Nova Ferradas, em Itabuna, a cerca de 20 quil\u00f4metros da obra.<\/p>\n<\/div>\n<div class=\"mc-column content-text active-extra-styles \" data-block-type=\"unstyled\" data-block-weight=\"57\" data-block-id=\"5\">\n<p class=\"content-text__container \" data-track-category=\"Link no Texto\" data-track-links=\"\">\u201cA popula\u00e7\u00e3o contar\u00e1 com a regularidade do fluxo do rio. Ou seja, com a barragem, est\u00e1 superada aquela fase cr\u00edtica de abastecimento na regi\u00e3o. A barragem faz regulariza\u00e7\u00e3o do rio. Com isso, n\u00f3s vamos reter a \u00e1gua e soltar na medida em que a \u00e1gua precise chegar \u00e0 Itabuna&#8221;, disse, durante a inaugura\u00e7\u00e3o, o governador Rui Costa.<\/p>\n<\/div>\n<\/div>\n","protected":false},"excerpt":{"rendered":"<p>Foi inaugurada nesta quarta-feira (4) no munic\u00edpio de Itap\u00e9, na regi\u00e3o sul da Bahia, a barragem do Rio Col\u00f4nia. A obra, que custou mais de R$ 111 milh\u00f5es, chegou a ficar parada por tr\u00eas anos e, agora, a expectativa \u00e9 de que resolva o problema da constante falta de \u00e1gua em Itap\u00e9, Itabuna e munic\u00edpios [&hellip;]<\/p>\n","protected":false},"author":2,"featured_media":73276,"comment_status":"open","ping_status":"open","sticky":false,"template":"","format":"standard","meta":{"footnotes":"","_links_to":"","_links_to_target":""},"categories":[1],"tags":[],"class_list":["post-73274","post","type-post","status-publish","format-standard","has-post-thumbnail","hentry","category-geral"],"views":1745,"_links":{"self":[{"href":"https:\/\/www.sudoestehoje.com.br\/novoportal\/wp-json\/wp\/v2\/posts\/73274","targetHints":{"allow":["GET"]}}],"collection":[{"href":"https:\/\/www.sudoestehoje.com.br\/novoportal\/wp-json\/wp\/v2\/posts"}],"about":[{"href":"https:\/\/www.sudoestehoje.com.br\/novoportal\/wp-json\/wp\/v2\/types\/post"}],"author":[{"embeddable":true,"href":"https:\/\/www.sudoestehoje.com.br\/novoportal\/wp-json\/wp\/v2\/users\/2"}],"replies":[{"embeddable":true,"href":"https:\/\/www.sudoestehoje.com.br\/novoportal\/wp-json\/wp\/v2\/comments?post=73274"}],"version-history":[{"count":3,"href":"https:\/\/www.sudoestehoje.com.br\/novoportal\/wp-json\/wp\/v2\/posts\/73274\/revisions"}],"predecessor-version":[{"id":73278,"href":"https:\/\/www.sudoestehoje.com.br\/novoportal\/wp-json\/wp\/v2\/posts\/73274\/revisions\/73278"}],"wp:featuredmedia":[{"embeddable":true,"href":"https:\/\/www.sudoestehoje.com.br\/novoportal\/wp-json\/wp\/v2\/media\/73276"}],"wp:attachment":[{"href":"https:\/\/www.sudoestehoje.com.br\/novoportal\/wp-json\/wp\/v2\/media?parent=73274"}],"wp:term":[{"taxonomy":"category","embeddable":true,"href":"https:\/\/www.sudoestehoje.com.br\/novoportal\/wp-json\/wp\/v2\/categories?post=73274"},{"taxonomy":"post_tag","embeddable":true,"href":"https:\/\/www.sudoestehoje.com.br\/novoportal\/wp-json\/wp\/v2\/tags?post=73274"}],"curies":[{"name":"wp","href":"https:\/\/api.w.org\/{rel}","templated":true}]}}