
{"id":73270,"date":"2018-07-04T22:33:23","date_gmt":"2018-07-05T01:33:23","guid":{"rendered":"http:\/\/www.sudoestehoje.com.br\/novoportal\/?p=73270"},"modified":"2018-07-04T22:33:23","modified_gmt":"2018-07-05T01:33:23","slug":"potencial-de-voto-em-lula-e-de-35-mas-rejeicao-e-de-62-aponta-pesquisa","status":"publish","type":"post","link":"https:\/\/www.sudoestehoje.com.br\/novoportal\/2018\/07\/04\/potencial-de-voto-em-lula-e-de-35-mas-rejeicao-e-de-62-aponta-pesquisa\/","title":{"rendered":"POTENCIAL DE VOTO EM LULA \u00c9 DE 35%, MAS REJEI\u00c7\u00c3O \u00c9 DE 62%, APONTA PESQUISA"},"content":{"rendered":"<p><a href=\"http:\/\/www.sudoestehoje.com.br\/novoportal\/wp-content\/uploads\/2018\/07\/brasil-lula-20180407-0014.jpg\"><img loading=\"lazy\" decoding=\"async\" class=\"aligncenter size-medium wp-image-73271\" src=\"http:\/\/www.sudoestehoje.com.br\/novoportal\/wp-content\/uploads\/2018\/07\/brasil-lula-20180407-0014-500x333.jpg\" alt=\"\" width=\"500\" height=\"333\" srcset=\"https:\/\/www.sudoestehoje.com.br\/novoportal\/wp-content\/uploads\/2018\/07\/brasil-lula-20180407-0014-500x333.jpg 500w, https:\/\/www.sudoestehoje.com.br\/novoportal\/wp-content\/uploads\/2018\/07\/brasil-lula-20180407-0014-768x512.jpg 768w, https:\/\/www.sudoestehoje.com.br\/novoportal\/wp-content\/uploads\/2018\/07\/brasil-lula-20180407-0014-700x467.jpg 700w, https:\/\/www.sudoestehoje.com.br\/novoportal\/wp-content\/uploads\/2018\/07\/brasil-lula-20180407-0014.jpg 1500w\" sizes=\"auto, (max-width: 500px) 100vw, 500px\" \/><\/a><\/p>\n<p>O ex-presidente Luiz In\u00e1cio Lula da Silva (PT) tem um eleitorado fiel e regular, conforme pesquisa DataPoder360, divulgada nesta quarta-feira (4) pelo jornal Poder360. Se o petista puder concorrer a presidente, 24% dizem que votariam nele com certeza. Outros 11% afirmam que poderiam votar. Trata-se de 1 potencial de voto de 35%, patrim\u00f4nio relevante a 3 meses da elei\u00e7\u00e3o presidencial de 7 de outubro. No mesmo levantamento mostra que 62% dos eleitores declaram que n\u00e3o votariam nele de jeito nenhum.<\/p>\n<p>O nome apontado por lulistas como preferido para receber o apoio do ex-presidente continua sendo o de Ciro Gomes (PDT): 53% acham que ele deveria ser o escolhido (entre os eleitores que consideram votar com certeza ou que poderiam votar em Lula). Ciro \u00e9 apontado por 27% dos que votariam com certeza em Lula. E por 26% dos que poderiam votar. Total: 53%. Em seguida, vem o ex-prefeito de S\u00e3o Paulo Fernando Haddad (PT), com 34%. Depois, Marina Silva (Rede), que tem 22%. O ex-governador da Bahia Jaques Wagner (PT) \u00e9 citado por 11% dos lulistas em todo o pa\u00eds<\/p>\n<p>O DataPoder360 realizou 5.500 entrevistas por meio de telefones fixos e celulares nos dias 25 a 29 de junho. Foram atingidas 229 cidades em todas as regi\u00f5es do pa\u00eds. A margem de erro \u00e9 de 2 pontos percentuais, para mais ou para menos. O registro do estudo no TSE \u00e9 BR-05297\/2018. \/\/BN<\/p>\n","protected":false},"excerpt":{"rendered":"<p>O ex-presidente Luiz In\u00e1cio Lula da Silva (PT) tem um eleitorado fiel e regular, conforme pesquisa DataPoder360, divulgada nesta quarta-feira (4) pelo jornal Poder360. Se o petista puder concorrer a presidente, 24% dizem que votariam nele com certeza. Outros 11% afirmam que poderiam votar. Trata-se de 1 potencial de voto de 35%, patrim\u00f4nio relevante a [&hellip;]<\/p>\n","protected":false},"author":2,"featured_media":73271,"comment_status":"open","ping_status":"open","sticky":false,"template":"","format":"standard","meta":{"footnotes":"","_links_to":"","_links_to_target":""},"categories":[1],"tags":[],"class_list":["post-73270","post","type-post","status-publish","format-standard","has-post-thumbnail","hentry","category-geral"],"views":1216,"_links":{"self":[{"href":"https:\/\/www.sudoestehoje.com.br\/novoportal\/wp-json\/wp\/v2\/posts\/73270","targetHints":{"allow":["GET"]}}],"collection":[{"href":"https:\/\/www.sudoestehoje.com.br\/novoportal\/wp-json\/wp\/v2\/posts"}],"about":[{"href":"https:\/\/www.sudoestehoje.com.br\/novoportal\/wp-json\/wp\/v2\/types\/post"}],"author":[{"embeddable":true,"href":"https:\/\/www.sudoestehoje.com.br\/novoportal\/wp-json\/wp\/v2\/users\/2"}],"replies":[{"embeddable":true,"href":"https:\/\/www.sudoestehoje.com.br\/novoportal\/wp-json\/wp\/v2\/comments?post=73270"}],"version-history":[{"count":2,"href":"https:\/\/www.sudoestehoje.com.br\/novoportal\/wp-json\/wp\/v2\/posts\/73270\/revisions"}],"predecessor-version":[{"id":73273,"href":"https:\/\/www.sudoestehoje.com.br\/novoportal\/wp-json\/wp\/v2\/posts\/73270\/revisions\/73273"}],"wp:featuredmedia":[{"embeddable":true,"href":"https:\/\/www.sudoestehoje.com.br\/novoportal\/wp-json\/wp\/v2\/media\/73271"}],"wp:attachment":[{"href":"https:\/\/www.sudoestehoje.com.br\/novoportal\/wp-json\/wp\/v2\/media?parent=73270"}],"wp:term":[{"taxonomy":"category","embeddable":true,"href":"https:\/\/www.sudoestehoje.com.br\/novoportal\/wp-json\/wp\/v2\/categories?post=73270"},{"taxonomy":"post_tag","embeddable":true,"href":"https:\/\/www.sudoestehoje.com.br\/novoportal\/wp-json\/wp\/v2\/tags?post=73270"}],"curies":[{"name":"wp","href":"https:\/\/api.w.org\/{rel}","templated":true}]}}