
{"id":73266,"date":"2018-07-04T21:39:12","date_gmt":"2018-07-05T00:39:12","guid":{"rendered":"http:\/\/www.sudoestehoje.com.br\/novoportal\/?p=73266"},"modified":"2018-07-04T21:39:12","modified_gmt":"2018-07-05T00:39:12","slug":"rio-do-antonio-ricardo-declara-apoio-a-ciano-filho-para-deputado-federal","status":"publish","type":"post","link":"https:\/\/www.sudoestehoje.com.br\/novoportal\/2018\/07\/04\/rio-do-antonio-ricardo-declara-apoio-a-ciano-filho-para-deputado-federal\/","title":{"rendered":"RIO DO ANT\u00d4NIO: RICARDO DECLARA APOIO A CIANO FILHO PARA DEPUTADO FEDERAL"},"content":{"rendered":"<p><a href=\"http:\/\/www.sudoestehoje.com.br\/novoportal\/wp-content\/uploads\/2018\/07\/RIO-DO-ANTONIO.jpg\"><img loading=\"lazy\" decoding=\"async\" class=\"aligncenter size-full wp-image-73268\" src=\"http:\/\/www.sudoestehoje.com.br\/novoportal\/wp-content\/uploads\/2018\/07\/RIO-DO-ANTONIO.jpg\" alt=\"\" width=\"492\" height=\"300\" \/><\/a><\/p>\n<p>Uma das mais expressivas lideran\u00e7as pol\u00edticas de Rio de Ant\u00f4nio e Regi\u00e3o, o empres\u00e1rio Ricardo declarou apoio \u00e0 candidatura de Ciano Filho para deputado federal. Os dois conversaram esta semana sobre diversos temas de interesse da regi\u00e3o e definiram por caminhar juntos nessa elei\u00e7\u00e3o.<\/p>\n<p>\u201cConhe\u00e7o Ciano de longas datas, vi seu trabalho na Prefeitura de Vit\u00f3ria da Conquista sendo elogiado at\u00e9 pela oposi\u00e7\u00e3o, o que demonstra que ele \u00e9 um pol\u00edtico que est\u00e1 acima dessas disputas pequenas. Por isso o apoio incondicional de todo nosso grupo pol\u00edtico para eleger Ciano\u201d, afirmou.<\/p>\n<p>Segundo Ricardo, al\u00e9m do compromisso de Ciano com Rio do Ant\u00f4nio e regi\u00e3o, \u00e9 preciso renovar na pol\u00edtica, \u201cpara permitir que sangue novo tamb\u00e9m possa demonstrar seu potencial\u201d. Ricardo afirma que toda a popula\u00e7\u00e3o espera mudan\u00e7as. \u201cNingu\u00e9m aguenta mais o que est\u00e1 a\u00ed. Temos que renovar\u201d.<\/p>\n<p>Ciano Filho recebeu de bra\u00e7os abertos o apoio do amigo Ricardo e suas lideran\u00e7as aproveitou para refor\u00e7ar a import\u00e2ncia dele para o munic\u00edpio. \u201cRicardo \u00e9 uma lideran\u00e7a que pensa 24 horas em sua cidade, no seu povo. Sempre digo que \u00e9 o melhor nome para concorrer \u00e0 Prefeitura. Se o fizer, ter\u00e1 nosso apoio total\u201d, disse.<\/p>\n","protected":false},"excerpt":{"rendered":"<p>Uma das mais expressivas lideran\u00e7as pol\u00edticas de Rio de Ant\u00f4nio e Regi\u00e3o, o empres\u00e1rio Ricardo declarou apoio \u00e0 candidatura de Ciano Filho para deputado federal. Os dois conversaram esta semana sobre diversos temas de interesse da regi\u00e3o e definiram por caminhar juntos nessa elei\u00e7\u00e3o. \u201cConhe\u00e7o Ciano de longas datas, vi seu trabalho na Prefeitura de [&hellip;]<\/p>\n","protected":false},"author":2,"featured_media":73268,"comment_status":"open","ping_status":"open","sticky":false,"template":"","format":"standard","meta":{"footnotes":"","_links_to":"","_links_to_target":""},"categories":[1],"tags":[],"class_list":["post-73266","post","type-post","status-publish","format-standard","has-post-thumbnail","hentry","category-geral"],"views":1024,"_links":{"self":[{"href":"https:\/\/www.sudoestehoje.com.br\/novoportal\/wp-json\/wp\/v2\/posts\/73266","targetHints":{"allow":["GET"]}}],"collection":[{"href":"https:\/\/www.sudoestehoje.com.br\/novoportal\/wp-json\/wp\/v2\/posts"}],"about":[{"href":"https:\/\/www.sudoestehoje.com.br\/novoportal\/wp-json\/wp\/v2\/types\/post"}],"author":[{"embeddable":true,"href":"https:\/\/www.sudoestehoje.com.br\/novoportal\/wp-json\/wp\/v2\/users\/2"}],"replies":[{"embeddable":true,"href":"https:\/\/www.sudoestehoje.com.br\/novoportal\/wp-json\/wp\/v2\/comments?post=73266"}],"version-history":[{"count":2,"href":"https:\/\/www.sudoestehoje.com.br\/novoportal\/wp-json\/wp\/v2\/posts\/73266\/revisions"}],"predecessor-version":[{"id":73269,"href":"https:\/\/www.sudoestehoje.com.br\/novoportal\/wp-json\/wp\/v2\/posts\/73266\/revisions\/73269"}],"wp:featuredmedia":[{"embeddable":true,"href":"https:\/\/www.sudoestehoje.com.br\/novoportal\/wp-json\/wp\/v2\/media\/73268"}],"wp:attachment":[{"href":"https:\/\/www.sudoestehoje.com.br\/novoportal\/wp-json\/wp\/v2\/media?parent=73266"}],"wp:term":[{"taxonomy":"category","embeddable":true,"href":"https:\/\/www.sudoestehoje.com.br\/novoportal\/wp-json\/wp\/v2\/categories?post=73266"},{"taxonomy":"post_tag","embeddable":true,"href":"https:\/\/www.sudoestehoje.com.br\/novoportal\/wp-json\/wp\/v2\/tags?post=73266"}],"curies":[{"name":"wp","href":"https:\/\/api.w.org\/{rel}","templated":true}]}}