
{"id":73241,"date":"2018-07-04T08:51:24","date_gmt":"2018-07-04T11:51:24","guid":{"rendered":"http:\/\/www.sudoestehoje.com.br\/novoportal\/?p=73241"},"modified":"2018-07-04T08:53:22","modified_gmt":"2018-07-04T11:53:22","slug":"com-poucos-recursos-dr-miller-realiza-uma-grande-festa-de-sao-pedro-em-macarani","status":"publish","type":"post","link":"https:\/\/www.sudoestehoje.com.br\/novoportal\/2018\/07\/04\/com-poucos-recursos-dr-miller-realiza-uma-grande-festa-de-sao-pedro-em-macarani\/","title":{"rendered":"COM POUCOS RECURSOS, DR. MILLER REALIZA UMA GRANDE FESTA DE S\u00c3O PEDRO EM MACARANI"},"content":{"rendered":"<p><a href=\"http:\/\/www.sudoestehoje.com.br\/novoportal\/wp-content\/uploads\/2018\/07\/03.jpg\"><img loading=\"lazy\" decoding=\"async\" class=\"aligncenter size-medium wp-image-73244\" src=\"http:\/\/www.sudoestehoje.com.br\/novoportal\/wp-content\/uploads\/2018\/07\/03-500x309.jpg\" alt=\"\" width=\"500\" height=\"309\" srcset=\"https:\/\/www.sudoestehoje.com.br\/novoportal\/wp-content\/uploads\/2018\/07\/03-500x309.jpg 500w, https:\/\/www.sudoestehoje.com.br\/novoportal\/wp-content\/uploads\/2018\/07\/03-768x474.jpg 768w, https:\/\/www.sudoestehoje.com.br\/novoportal\/wp-content\/uploads\/2018\/07\/03-700x432.jpg 700w, https:\/\/www.sudoestehoje.com.br\/novoportal\/wp-content\/uploads\/2018\/07\/03.jpg 1280w\" sizes=\"auto, (max-width: 500px) 100vw, 500px\" \/><\/a><\/p>\n<p>Respeitando e mantendo a tradi\u00e7\u00e3o, a prefeitura de Macarani realizou nos dias 28, 29 e 30 de junho, uma das melhores festas de S\u00e3o Pedro da hist\u00f3ria no munic\u00edpio.<\/p>\n<p><a href=\"http:\/\/www.sudoestehoje.com.br\/novoportal\/wp-content\/uploads\/2018\/07\/08bf6a8a-9f9f-484c-92c2-7e0c6fb99be3.jpg\"><img loading=\"lazy\" decoding=\"async\" class=\"aligncenter size-medium wp-image-73249\" src=\"http:\/\/www.sudoestehoje.com.br\/novoportal\/wp-content\/uploads\/2018\/07\/08bf6a8a-9f9f-484c-92c2-7e0c6fb99be3-500x302.jpg\" alt=\"\" width=\"500\" height=\"302\" srcset=\"https:\/\/www.sudoestehoje.com.br\/novoportal\/wp-content\/uploads\/2018\/07\/08bf6a8a-9f9f-484c-92c2-7e0c6fb99be3-500x302.jpg 500w, https:\/\/www.sudoestehoje.com.br\/novoportal\/wp-content\/uploads\/2018\/07\/08bf6a8a-9f9f-484c-92c2-7e0c6fb99be3-768x463.jpg 768w, https:\/\/www.sudoestehoje.com.br\/novoportal\/wp-content\/uploads\/2018\/07\/08bf6a8a-9f9f-484c-92c2-7e0c6fb99be3-700x422.jpg 700w, https:\/\/www.sudoestehoje.com.br\/novoportal\/wp-content\/uploads\/2018\/07\/08bf6a8a-9f9f-484c-92c2-7e0c6fb99be3.jpg 1280w\" sizes=\"auto, (max-width: 500px) 100vw, 500px\" \/><\/a><\/p>\n<p>Com a escassez de recursos que atinge a maioria dos munic\u00edpios, a op\u00e7\u00e3o foi contratar atra\u00e7\u00f5es de porte m\u00e9dio, mas excelente qualidade, o que agradou o grande p\u00fablico que compareceu ao evento, nos tr\u00eas dias da sua realiza\u00e7\u00e3o, lotando a Pra\u00e7a S\u00e3o Pedro.<\/p>\n<p><a href=\"http:\/\/www.sudoestehoje.com.br\/novoportal\/wp-content\/uploads\/2018\/07\/8a3016c3-07be-4887-93aa-4b16d71e409f.jpg\"><img loading=\"lazy\" decoding=\"async\" class=\"aligncenter size-medium wp-image-73250\" src=\"http:\/\/www.sudoestehoje.com.br\/novoportal\/wp-content\/uploads\/2018\/07\/8a3016c3-07be-4887-93aa-4b16d71e409f-500x331.jpg\" alt=\"\" width=\"500\" height=\"331\" srcset=\"https:\/\/www.sudoestehoje.com.br\/novoportal\/wp-content\/uploads\/2018\/07\/8a3016c3-07be-4887-93aa-4b16d71e409f-500x331.jpg 500w, https:\/\/www.sudoestehoje.com.br\/novoportal\/wp-content\/uploads\/2018\/07\/8a3016c3-07be-4887-93aa-4b16d71e409f-768x508.jpg 768w, https:\/\/www.sudoestehoje.com.br\/novoportal\/wp-content\/uploads\/2018\/07\/8a3016c3-07be-4887-93aa-4b16d71e409f-700x463.jpg 700w, https:\/\/www.sudoestehoje.com.br\/novoportal\/wp-content\/uploads\/2018\/07\/8a3016c3-07be-4887-93aa-4b16d71e409f.jpg 1280w\" sizes=\"auto, (max-width: 500px) 100vw, 500px\" \/><\/a><\/p>\n<p>Durantes os festejos, muitas autoridades prestigiaram a festa, a exemplo dos deputados Jos\u00e9 Rocha e Fabr\u00edcio Falc\u00e3o, parceiros do prefeito Miller Ferraz, que faz uma administra\u00e7\u00e3o din\u00e2mica e participativa em Macarani.<\/p>\n<p><a href=\"http:\/\/www.sudoestehoje.com.br\/novoportal\/wp-content\/uploads\/2018\/07\/01-1.jpg\"><img loading=\"lazy\" decoding=\"async\" class=\"aligncenter size-medium wp-image-73246\" src=\"http:\/\/www.sudoestehoje.com.br\/novoportal\/wp-content\/uploads\/2018\/07\/01-1-500x331.jpg\" alt=\"\" width=\"500\" height=\"331\" srcset=\"https:\/\/www.sudoestehoje.com.br\/novoportal\/wp-content\/uploads\/2018\/07\/01-1-500x331.jpg 500w, https:\/\/www.sudoestehoje.com.br\/novoportal\/wp-content\/uploads\/2018\/07\/01-1-768x508.jpg 768w, https:\/\/www.sudoestehoje.com.br\/novoportal\/wp-content\/uploads\/2018\/07\/01-1-700x463.jpg 700w, https:\/\/www.sudoestehoje.com.br\/novoportal\/wp-content\/uploads\/2018\/07\/01-1.jpg 1280w\" sizes=\"auto, (max-width: 500px) 100vw, 500px\" \/><\/a><\/p>\n<p>O S\u00e3o Pedro de Macarani \u00e9 uma das festas juninas mais tradicionais da Bahia, ocasi\u00e3o em que a popula\u00e7\u00e3o homenageio o seu padroeiro.\u00a0<em>Confira as fotos da festa<\/em>:<\/p>\n\n\t\t<style type=\"text\/css\">\n\t\t\t#gallery-1 {\n\t\t\t\tmargin: auto;\n\t\t\t}\n\t\t\t#gallery-1 .gallery-item {\n\t\t\t\tfloat: left;\n\t\t\t\tmargin-top: 10px;\n\t\t\t\ttext-align: center;\n\t\t\t\twidth: 33%;\n\t\t\t}\n\t\t\t#gallery-1 img {\n\t\t\t\tborder: 2px solid #cfcfcf;\n\t\t\t}\n\t\t\t#gallery-1 .gallery-caption {\n\t\t\t\tmargin-left: 0;\n\t\t\t}\n\t\t\t\/* see gallery_shortcode() in wp-includes\/media.php *\/\n\t\t<\/style>\n\t\t<div id='gallery-1' class='gallery galleryid-73241 gallery-columns-3 gallery-size-thumbnail'><dl class='gallery-item'>\n\t\t\t<dt class='gallery-icon landscape'>\n\t\t\t\t<a href='https:\/\/www.sudoestehoje.com.br\/novoportal\/2018\/07\/04\/com-poucos-recursos-dr-miller-realiza-uma-grande-festa-de-sao-pedro-em-macarani\/60c27283-1612-4b27-823a-439b706c09de\/'><img loading=\"lazy\" decoding=\"async\" width=\"150\" height=\"150\" src=\"https:\/\/www.sudoestehoje.com.br\/novoportal\/wp-content\/uploads\/2018\/07\/60c27283-1612-4b27-823a-439b706c09de-150x150.jpg\" class=\"attachment-thumbnail size-thumbnail\" alt=\"\" \/><\/a>\n\t\t\t<\/dt><\/dl><dl class='gallery-item'>\n\t\t\t<dt class='gallery-icon landscape'>\n\t\t\t\t<a href='https:\/\/www.sudoestehoje.com.br\/novoportal\/2018\/07\/04\/com-poucos-recursos-dr-miller-realiza-uma-grande-festa-de-sao-pedro-em-macarani\/43dd2492-e327-485a-a249-c65ab85b7f0f\/'><img loading=\"lazy\" decoding=\"async\" width=\"150\" height=\"150\" src=\"https:\/\/www.sudoestehoje.com.br\/novoportal\/wp-content\/uploads\/2018\/07\/43dd2492-e327-485a-a249-c65ab85b7f0f-150x150.jpg\" class=\"attachment-thumbnail size-thumbnail\" alt=\"\" \/><\/a>\n\t\t\t<\/dt><\/dl><dl class='gallery-item'>\n\t\t\t<dt class='gallery-icon landscape'>\n\t\t\t\t<a href='https:\/\/www.sudoestehoje.com.br\/novoportal\/2018\/07\/04\/com-poucos-recursos-dr-miller-realiza-uma-grande-festa-de-sao-pedro-em-macarani\/8ab4f9a9-bb25-4a75-afa7-bf37812944cb\/'><img loading=\"lazy\" decoding=\"async\" width=\"150\" height=\"150\" src=\"https:\/\/www.sudoestehoje.com.br\/novoportal\/wp-content\/uploads\/2018\/07\/8ab4f9a9-bb25-4a75-afa7-bf37812944cb-150x150.jpg\" class=\"attachment-thumbnail size-thumbnail\" alt=\"\" \/><\/a>\n\t\t\t<\/dt><\/dl><br style=\"clear: both\" \/><dl class='gallery-item'>\n\t\t\t<dt class='gallery-icon landscape'>\n\t\t\t\t<a href='https:\/\/www.sudoestehoje.com.br\/novoportal\/2018\/07\/04\/com-poucos-recursos-dr-miller-realiza-uma-grande-festa-de-sao-pedro-em-macarani\/02-3\/'><img loading=\"lazy\" decoding=\"async\" width=\"150\" height=\"150\" src=\"https:\/\/www.sudoestehoje.com.br\/novoportal\/wp-content\/uploads\/2018\/07\/02-150x150.jpg\" class=\"attachment-thumbnail size-thumbnail\" alt=\"\" \/><\/a>\n\t\t\t<\/dt><\/dl><dl class='gallery-item'>\n\t\t\t<dt class='gallery-icon landscape'>\n\t\t\t\t<a href='https:\/\/www.sudoestehoje.com.br\/novoportal\/2018\/07\/04\/com-poucos-recursos-dr-miller-realiza-uma-grande-festa-de-sao-pedro-em-macarani\/04-3\/'><img loading=\"lazy\" decoding=\"async\" width=\"150\" height=\"150\" src=\"https:\/\/www.sudoestehoje.com.br\/novoportal\/wp-content\/uploads\/2018\/07\/04-150x150.jpg\" class=\"attachment-thumbnail size-thumbnail\" alt=\"\" \/><\/a>\n\t\t\t<\/dt><\/dl><dl class='gallery-item'>\n\t\t\t<dt class='gallery-icon landscape'>\n\t\t\t\t<a href='https:\/\/www.sudoestehoje.com.br\/novoportal\/2018\/07\/04\/com-poucos-recursos-dr-miller-realiza-uma-grande-festa-de-sao-pedro-em-macarani\/7dd98fb8-b009-4000-9a59-67941bb69c76\/'><img loading=\"lazy\" decoding=\"async\" width=\"150\" height=\"150\" src=\"https:\/\/www.sudoestehoje.com.br\/novoportal\/wp-content\/uploads\/2018\/07\/7dd98fb8-b009-4000-9a59-67941bb69c76-150x150.jpg\" class=\"attachment-thumbnail size-thumbnail\" alt=\"\" \/><\/a>\n\t\t\t<\/dt><\/dl><br style=\"clear: both\" \/>\n\t\t<\/div>\n\n","protected":false},"excerpt":{"rendered":"<p>Respeitando e mantendo a tradi\u00e7\u00e3o, a prefeitura de Macarani realizou nos dias 28, 29 e 30 de junho, uma das melhores festas de S\u00e3o Pedro da hist\u00f3ria no munic\u00edpio. Com a escassez de recursos que atinge a maioria dos munic\u00edpios, a op\u00e7\u00e3o foi contratar atra\u00e7\u00f5es de porte m\u00e9dio, mas excelente qualidade, o que agradou o [&hellip;]<\/p>\n","protected":false},"author":2,"featured_media":73244,"comment_status":"open","ping_status":"open","sticky":false,"template":"","format":"standard","meta":{"footnotes":"","_links_to":"","_links_to_target":""},"categories":[1],"tags":[],"class_list":["post-73241","post","type-post","status-publish","format-standard","has-post-thumbnail","hentry","category-geral"],"views":1580,"_links":{"self":[{"href":"https:\/\/www.sudoestehoje.com.br\/novoportal\/wp-json\/wp\/v2\/posts\/73241","targetHints":{"allow":["GET"]}}],"collection":[{"href":"https:\/\/www.sudoestehoje.com.br\/novoportal\/wp-json\/wp\/v2\/posts"}],"about":[{"href":"https:\/\/www.sudoestehoje.com.br\/novoportal\/wp-json\/wp\/v2\/types\/post"}],"author":[{"embeddable":true,"href":"https:\/\/www.sudoestehoje.com.br\/novoportal\/wp-json\/wp\/v2\/users\/2"}],"replies":[{"embeddable":true,"href":"https:\/\/www.sudoestehoje.com.br\/novoportal\/wp-json\/wp\/v2\/comments?post=73241"}],"version-history":[{"count":3,"href":"https:\/\/www.sudoestehoje.com.br\/novoportal\/wp-json\/wp\/v2\/posts\/73241\/revisions"}],"predecessor-version":[{"id":73254,"href":"https:\/\/www.sudoestehoje.com.br\/novoportal\/wp-json\/wp\/v2\/posts\/73241\/revisions\/73254"}],"wp:featuredmedia":[{"embeddable":true,"href":"https:\/\/www.sudoestehoje.com.br\/novoportal\/wp-json\/wp\/v2\/media\/73244"}],"wp:attachment":[{"href":"https:\/\/www.sudoestehoje.com.br\/novoportal\/wp-json\/wp\/v2\/media?parent=73241"}],"wp:term":[{"taxonomy":"category","embeddable":true,"href":"https:\/\/www.sudoestehoje.com.br\/novoportal\/wp-json\/wp\/v2\/categories?post=73241"},{"taxonomy":"post_tag","embeddable":true,"href":"https:\/\/www.sudoestehoje.com.br\/novoportal\/wp-json\/wp\/v2\/tags?post=73241"}],"curies":[{"name":"wp","href":"https:\/\/api.w.org\/{rel}","templated":true}]}}