
{"id":73232,"date":"2018-07-03T18:05:03","date_gmt":"2018-07-03T21:05:03","guid":{"rendered":"http:\/\/www.sudoestehoje.com.br\/novoportal\/?p=73232"},"modified":"2018-07-03T18:05:03","modified_gmt":"2018-07-03T21:05:03","slug":"vai-comecar-o-intermunicipal-2018-e-a-selecao-de-itapetinga-ja-esta-pronta","status":"publish","type":"post","link":"https:\/\/www.sudoestehoje.com.br\/novoportal\/2018\/07\/03\/vai-comecar-o-intermunicipal-2018-e-a-selecao-de-itapetinga-ja-esta-pronta\/","title":{"rendered":"VAI COME\u00c7AR O INTERMUNICIPAL 2018 E A SELE\u00c7\u00c3O DE ITAPETINGA J\u00c1 EST\u00c1 PRONTA"},"content":{"rendered":"<p><a href=\"http:\/\/www.sudoestehoje.com.br\/novoportal\/wp-content\/uploads\/2018\/07\/sele\u00e7\u00e3o-itapetinga-2018.jpg\"><img loading=\"lazy\" decoding=\"async\" class=\"aligncenter size-medium wp-image-73234\" src=\"http:\/\/www.sudoestehoje.com.br\/novoportal\/wp-content\/uploads\/2018\/07\/sele\u00e7\u00e3o-itapetinga-2018-500x316.jpg\" alt=\"\" width=\"500\" height=\"316\" srcset=\"https:\/\/www.sudoestehoje.com.br\/novoportal\/wp-content\/uploads\/2018\/07\/sele\u00e7\u00e3o-itapetinga-2018-500x316.jpg 500w, https:\/\/www.sudoestehoje.com.br\/novoportal\/wp-content\/uploads\/2018\/07\/sele\u00e7\u00e3o-itapetinga-2018-768x485.jpg 768w, https:\/\/www.sudoestehoje.com.br\/novoportal\/wp-content\/uploads\/2018\/07\/sele\u00e7\u00e3o-itapetinga-2018-700x442.jpg 700w, https:\/\/www.sudoestehoje.com.br\/novoportal\/wp-content\/uploads\/2018\/07\/sele\u00e7\u00e3o-itapetinga-2018.jpg 960w\" sizes=\"auto, (max-width: 500px) 100vw, 500px\" \/><\/a><\/p>\n<p>O Campeonato Intermunicipal de Futebol 2018 j\u00e1 vai come\u00e7ar e a sele\u00e7\u00e3o de Itapetinga est\u00e1 convocada e pronta para entrar em campo. Nesta segunda-feira (2), todos os jogadores se apresentaram ao t\u00e9cnico.\u00a0Reunidos na Casa do Atleta, o grupo j\u00e1 iniciou sua prepara\u00e7\u00e3o.<\/p>\n<p>Na manh\u00e3 desta ter\u00e7a-feira, 03, os jogadores se submeteram a exames de eletrocardiograma, na Cl\u00ednica Pr\u00f3-Vida, patrocinadora oficial da sele\u00e7\u00e3o.<\/p>\n<p>\u00c0 tarde, eles passar\u00e3o por avalia\u00e7\u00e3o f\u00edsica com fisiologista, Thiago Mesquita, que ir\u00e1 analisar prepara\u00e7\u00e3o e condi\u00e7\u00f5es musculares dos atletas, preparando planos individuais de treino.<\/p>\n<p>Durante a noite, os atletas ir\u00e3o se apresentar oficialmente para imprensa local, no Itapetinga T\u00eanis Clube. Na quarta, os port\u00f5es do Est\u00e1dio estar\u00e3o abertos para quem quiser acompanhar o treino da sele\u00e7\u00e3o.<\/p>\n<p>A Prefeitura de Itapetinga tem desempenhado um importante trabalho em parceria com a Ladi para oferecer as condi\u00e7\u00f5es necess\u00e1rias para a conquista do tri campeonato.<\/p>\n","protected":false},"excerpt":{"rendered":"<p>O Campeonato Intermunicipal de Futebol 2018 j\u00e1 vai come\u00e7ar e a sele\u00e7\u00e3o de Itapetinga est\u00e1 convocada e pronta para entrar em campo. Nesta segunda-feira (2), todos os jogadores se apresentaram ao t\u00e9cnico.\u00a0Reunidos na Casa do Atleta, o grupo j\u00e1 iniciou sua prepara\u00e7\u00e3o. Na manh\u00e3 desta ter\u00e7a-feira, 03, os jogadores se submeteram a exames de eletrocardiograma, [&hellip;]<\/p>\n","protected":false},"author":2,"featured_media":73234,"comment_status":"open","ping_status":"open","sticky":false,"template":"","format":"standard","meta":{"footnotes":"","_links_to":"","_links_to_target":""},"categories":[1],"tags":[],"class_list":["post-73232","post","type-post","status-publish","format-standard","has-post-thumbnail","hentry","category-geral"],"views":2079,"_links":{"self":[{"href":"https:\/\/www.sudoestehoje.com.br\/novoportal\/wp-json\/wp\/v2\/posts\/73232","targetHints":{"allow":["GET"]}}],"collection":[{"href":"https:\/\/www.sudoestehoje.com.br\/novoportal\/wp-json\/wp\/v2\/posts"}],"about":[{"href":"https:\/\/www.sudoestehoje.com.br\/novoportal\/wp-json\/wp\/v2\/types\/post"}],"author":[{"embeddable":true,"href":"https:\/\/www.sudoestehoje.com.br\/novoportal\/wp-json\/wp\/v2\/users\/2"}],"replies":[{"embeddable":true,"href":"https:\/\/www.sudoestehoje.com.br\/novoportal\/wp-json\/wp\/v2\/comments?post=73232"}],"version-history":[{"count":2,"href":"https:\/\/www.sudoestehoje.com.br\/novoportal\/wp-json\/wp\/v2\/posts\/73232\/revisions"}],"predecessor-version":[{"id":73235,"href":"https:\/\/www.sudoestehoje.com.br\/novoportal\/wp-json\/wp\/v2\/posts\/73232\/revisions\/73235"}],"wp:featuredmedia":[{"embeddable":true,"href":"https:\/\/www.sudoestehoje.com.br\/novoportal\/wp-json\/wp\/v2\/media\/73234"}],"wp:attachment":[{"href":"https:\/\/www.sudoestehoje.com.br\/novoportal\/wp-json\/wp\/v2\/media?parent=73232"}],"wp:term":[{"taxonomy":"category","embeddable":true,"href":"https:\/\/www.sudoestehoje.com.br\/novoportal\/wp-json\/wp\/v2\/categories?post=73232"},{"taxonomy":"post_tag","embeddable":true,"href":"https:\/\/www.sudoestehoje.com.br\/novoportal\/wp-json\/wp\/v2\/tags?post=73232"}],"curies":[{"name":"wp","href":"https:\/\/api.w.org\/{rel}","templated":true}]}}