
{"id":73218,"date":"2018-07-02T19:32:48","date_gmt":"2018-07-02T22:32:48","guid":{"rendered":"http:\/\/www.sudoestehoje.com.br\/novoportal\/?p=73218"},"modified":"2018-07-02T20:33:18","modified_gmt":"2018-07-02T23:33:18","slug":"itapetinga-novo-hospital-sera-implantado-no-predio-do-antigo-santa-maria","status":"publish","type":"post","link":"https:\/\/www.sudoestehoje.com.br\/novoportal\/2018\/07\/02\/itapetinga-novo-hospital-sera-implantado-no-predio-do-antigo-santa-maria\/","title":{"rendered":"ITAPETINGA: NOVO HOSPITAL SER\u00c1 IMPLANTADO NO PR\u00c9DIO DO ANTIGO &#8216;SANTA MARIA&#8217;"},"content":{"rendered":"<p><a href=\"http:\/\/www.sudoestehoje.com.br\/novoportal\/wp-content\/uploads\/2018\/07\/santa-maria.jpg\"><img loading=\"lazy\" decoding=\"async\" class=\"aligncenter size-medium wp-image-73220\" src=\"http:\/\/www.sudoestehoje.com.br\/novoportal\/wp-content\/uploads\/2018\/07\/santa-maria-500x267.jpg\" alt=\"\" width=\"500\" height=\"267\" \/><\/a><\/p>\n<p>Durante o \u00faltimo final de semana, circularam informa\u00e7\u00f5es na imprensa e redes sociais, noticiando a poss\u00edvel reabertura do Hospital Santa Maria, fechado h\u00e1 cerca de 5 anos, por problemas de gest\u00e3o.<\/p>\n<p>Imediatamente, surgiram especula\u00e7\u00f5es pol\u00edticas dando conta de que um deputado governista estaria por tr\u00e1s do projeto, com a finalidade de utilizar o hospital para fins eleitorais, durante a sua campanha.<\/p>\n<p>Buscando esclarecimentos sobre essas especula\u00e7\u00f5es, o editor do <em>Sudoeste Hoje<\/em> entrou em contato com o m\u00e9dico Emanuel Souza, ex-secret\u00e1rio Municipal de Sa\u00fade, apontado como l\u00edder do grupo de profissionais de sa\u00fade respons\u00e1vel pelo novo empreendimento.<\/p>\n<p>EMPREENDIMENTO PARTICULAR SEM VINCULA\u00c7\u00c3O POL\u00cdTICA<\/p>\n<p>Segundo Dr. Emanuel, o grupo formado por ele e outros m\u00e9dicos da regi\u00e3o arrendou o pr\u00e9dio do antigo Hospital Santa Maria, com a finalidade de instalar uma nova unidade hospitalar, sem liga\u00e7\u00e3o com os antigos propriet\u00e1rios, descartando tamb\u00e9m qualquer vincula\u00e7\u00e3o com grupos pol\u00edticos.<\/p>\n<p>De acordo com o m\u00e9dico, o hospital ser\u00e1 gerido por um grupo m\u00e9dico privado e atender\u00e1 atrav\u00e9s de consultas particulares, planos de sa\u00fade e pelo Sistema \u00danico de Sa\u00fade (SUS), em v\u00e1rias especialidades.<\/p>\n<p>Emanuel informou, ainda, que o antigo pr\u00e9dio do hospital passar\u00e1 por reformas e que n\u00e3o h\u00e1 prazo previsto para o in\u00edcio das atividades do novo empreendimento, que visa servir \u00e0 comunidade.<\/p>\n<p><strong><em>Reda\u00e7\u00e3o\u00a0<\/em><\/strong><\/p>\n","protected":false},"excerpt":{"rendered":"<p>Durante o \u00faltimo final de semana, circularam informa\u00e7\u00f5es na imprensa e redes sociais, noticiando a poss\u00edvel reabertura do Hospital Santa Maria, fechado h\u00e1 cerca de 5 anos, por problemas de gest\u00e3o. Imediatamente, surgiram especula\u00e7\u00f5es pol\u00edticas dando conta de que um deputado governista estaria por tr\u00e1s do projeto, com a finalidade de utilizar o hospital para [&hellip;]<\/p>\n","protected":false},"author":2,"featured_media":73220,"comment_status":"open","ping_status":"open","sticky":false,"template":"","format":"standard","meta":{"footnotes":"","_links_to":"","_links_to_target":""},"categories":[1],"tags":[],"class_list":["post-73218","post","type-post","status-publish","format-standard","has-post-thumbnail","hentry","category-geral"],"views":4160,"_links":{"self":[{"href":"https:\/\/www.sudoestehoje.com.br\/novoportal\/wp-json\/wp\/v2\/posts\/73218","targetHints":{"allow":["GET"]}}],"collection":[{"href":"https:\/\/www.sudoestehoje.com.br\/novoportal\/wp-json\/wp\/v2\/posts"}],"about":[{"href":"https:\/\/www.sudoestehoje.com.br\/novoportal\/wp-json\/wp\/v2\/types\/post"}],"author":[{"embeddable":true,"href":"https:\/\/www.sudoestehoje.com.br\/novoportal\/wp-json\/wp\/v2\/users\/2"}],"replies":[{"embeddable":true,"href":"https:\/\/www.sudoestehoje.com.br\/novoportal\/wp-json\/wp\/v2\/comments?post=73218"}],"version-history":[{"count":6,"href":"https:\/\/www.sudoestehoje.com.br\/novoportal\/wp-json\/wp\/v2\/posts\/73218\/revisions"}],"predecessor-version":[{"id":73225,"href":"https:\/\/www.sudoestehoje.com.br\/novoportal\/wp-json\/wp\/v2\/posts\/73218\/revisions\/73225"}],"wp:featuredmedia":[{"embeddable":true,"href":"https:\/\/www.sudoestehoje.com.br\/novoportal\/wp-json\/wp\/v2\/media\/73220"}],"wp:attachment":[{"href":"https:\/\/www.sudoestehoje.com.br\/novoportal\/wp-json\/wp\/v2\/media?parent=73218"}],"wp:term":[{"taxonomy":"category","embeddable":true,"href":"https:\/\/www.sudoestehoje.com.br\/novoportal\/wp-json\/wp\/v2\/categories?post=73218"},{"taxonomy":"post_tag","embeddable":true,"href":"https:\/\/www.sudoestehoje.com.br\/novoportal\/wp-json\/wp\/v2\/tags?post=73218"}],"curies":[{"name":"wp","href":"https:\/\/api.w.org\/{rel}","templated":true}]}}