
{"id":73214,"date":"2018-07-01T08:40:04","date_gmt":"2018-07-01T11:40:04","guid":{"rendered":"http:\/\/www.sudoestehoje.com.br\/novoportal\/?p=73214"},"modified":"2018-07-01T08:48:18","modified_gmt":"2018-07-01T11:48:18","slug":"barra-do-choca-morre-paulo-bateria-presidente-da-camara-de-vereadores","status":"publish","type":"post","link":"https:\/\/www.sudoestehoje.com.br\/novoportal\/2018\/07\/01\/barra-do-choca-morre-paulo-bateria-presidente-da-camara-de-vereadores\/","title":{"rendered":"BARRA DO CHO\u00c7A: MORRE PAULO BATERIA, PRESIDENTE DA C\u00c2MARA DE VEREADORES"},"content":{"rendered":"<p><a href=\"http:\/\/www.sudoestehoje.com.br\/novoportal\/wp-content\/uploads\/2018\/07\/paulo-bateria.jpg\"><img loading=\"lazy\" decoding=\"async\" class=\"aligncenter size-medium wp-image-73215\" src=\"http:\/\/www.sudoestehoje.com.br\/novoportal\/wp-content\/uploads\/2018\/07\/paulo-bateria-500x310.jpg\" alt=\"\" width=\"500\" height=\"310\" \/><\/a><\/p>\n<p>Faleceu, na manh\u00e3 deste domingo (1), o vereador Paulo de Jesus Rocha, conhecido popularmente por &#8216;Paulo Bateria&#8217;, presidente da c\u00e2mara de vereadores da cidade de Barra do Cha\u00e7a, no Sudoeste Baiano.<\/p>\n<p>De acordo com informa\u00e7\u00f5es do<em> Blog do Rodrigo Ferraz<\/em>, Paulo n\u00e3o resistiu a um infarto e acabou vindo a \u00f3bito, logo no in\u00edcio da manh\u00e3.<\/p>\n<p>Figura bastante conhecida e popular na \u2018Terra do Caf\u00e9\u2019, Paulo era um pol\u00edtico que militava, principalmente, no esporte, apoiando campeonatos que movimentavam o munic\u00edpio.<\/p>\n<p>Paulo era o \u00fanico vereador do PT na C\u00e2mara de Barra do Cho\u00e7a, sendo reeleito no \u00faltimo pleito com 620 votos. Pela primeira vez ele estava como presidente do legislativo da cidade.<\/p>\n","protected":false},"excerpt":{"rendered":"<p>Faleceu, na manh\u00e3 deste domingo (1), o vereador Paulo de Jesus Rocha, conhecido popularmente por &#8216;Paulo Bateria&#8217;, presidente da c\u00e2mara de vereadores da cidade de Barra do Cha\u00e7a, no Sudoeste Baiano. De acordo com informa\u00e7\u00f5es do Blog do Rodrigo Ferraz, Paulo n\u00e3o resistiu a um infarto e acabou vindo a \u00f3bito, logo no in\u00edcio da [&hellip;]<\/p>\n","protected":false},"author":2,"featured_media":73215,"comment_status":"open","ping_status":"open","sticky":false,"template":"","format":"standard","meta":{"footnotes":"","_links_to":"","_links_to_target":""},"categories":[1],"tags":[],"class_list":["post-73214","post","type-post","status-publish","format-standard","has-post-thumbnail","hentry","category-geral"],"views":1271,"_links":{"self":[{"href":"https:\/\/www.sudoestehoje.com.br\/novoportal\/wp-json\/wp\/v2\/posts\/73214","targetHints":{"allow":["GET"]}}],"collection":[{"href":"https:\/\/www.sudoestehoje.com.br\/novoportal\/wp-json\/wp\/v2\/posts"}],"about":[{"href":"https:\/\/www.sudoestehoje.com.br\/novoportal\/wp-json\/wp\/v2\/types\/post"}],"author":[{"embeddable":true,"href":"https:\/\/www.sudoestehoje.com.br\/novoportal\/wp-json\/wp\/v2\/users\/2"}],"replies":[{"embeddable":true,"href":"https:\/\/www.sudoestehoje.com.br\/novoportal\/wp-json\/wp\/v2\/comments?post=73214"}],"version-history":[{"count":2,"href":"https:\/\/www.sudoestehoje.com.br\/novoportal\/wp-json\/wp\/v2\/posts\/73214\/revisions"}],"predecessor-version":[{"id":73217,"href":"https:\/\/www.sudoestehoje.com.br\/novoportal\/wp-json\/wp\/v2\/posts\/73214\/revisions\/73217"}],"wp:featuredmedia":[{"embeddable":true,"href":"https:\/\/www.sudoestehoje.com.br\/novoportal\/wp-json\/wp\/v2\/media\/73215"}],"wp:attachment":[{"href":"https:\/\/www.sudoestehoje.com.br\/novoportal\/wp-json\/wp\/v2\/media?parent=73214"}],"wp:term":[{"taxonomy":"category","embeddable":true,"href":"https:\/\/www.sudoestehoje.com.br\/novoportal\/wp-json\/wp\/v2\/categories?post=73214"},{"taxonomy":"post_tag","embeddable":true,"href":"https:\/\/www.sudoestehoje.com.br\/novoportal\/wp-json\/wp\/v2\/tags?post=73214"}],"curies":[{"name":"wp","href":"https:\/\/api.w.org\/{rel}","templated":true}]}}