
{"id":73208,"date":"2018-06-30T23:45:13","date_gmt":"2018-07-01T02:45:13","guid":{"rendered":"http:\/\/www.sudoestehoje.com.br\/novoportal\/?p=73208"},"modified":"2018-07-01T00:03:42","modified_gmt":"2018-07-01T03:03:42","slug":"macarani-o-estranho-acordo-politico-entre-os-ex-prefeitos-nogueira-e-armando-porto","status":"publish","type":"post","link":"https:\/\/www.sudoestehoje.com.br\/novoportal\/2018\/06\/30\/macarani-o-estranho-acordo-politico-entre-os-ex-prefeitos-nogueira-e-armando-porto\/","title":{"rendered":"MACARANI: O ESTRANHO ACORDO POL\u00cdTICO ENTRE OS EX-PREFEITOS NOGUEIRA E ARMANDO PORTO"},"content":{"rendered":"<p><a href=\"http:\/\/www.sudoestehoje.com.br\/novoportal\/wp-content\/uploads\/2018\/06\/armando-e-nogueira.jpg\"><img loading=\"lazy\" decoding=\"async\" class=\"aligncenter size-full wp-image-73209\" src=\"http:\/\/www.sudoestehoje.com.br\/novoportal\/wp-content\/uploads\/2018\/06\/armando-e-nogueira.jpg\" alt=\"\" width=\"480\" height=\"360\" \/><\/a><\/p>\n<p>Surpreendeu a todos na regi\u00e3o, o inusitado acordo pol\u00edtico firmado entre os ex-prefeitos de Macarani, Olisandro Nogueira (PP) e Armando Porto (PSD), antigos advers\u00e1rios e inimigos pessoais h\u00e1 mais de duas d\u00e9cadas.<\/p>\n<p>Segundo informa\u00e7\u00f5es, os velhos inimigos apertaram as m\u00e3os em um encontra articulado por um aliado de Armando e pelos deputados governistas Ronaldo Carletto e Rosemberg Pinto, que retornaram a Macarani depois de quatro anos de sumi\u00e7o, para &#8220;assistir a Copa&#8221; e avalizar o acordo.<\/p>\n<p>Ao contr\u00e1rio do que se esperava, a estranha uni\u00e3o teve efeito negativo imediato junto aos eleitores de Nogueira e Armando, marcados pelas disputas acirradas e pirra\u00e7as de lado a lado, muitas vezes acompanhadas de viol\u00eancia extrema, sem falar dos in\u00fameros processos judiciais que tonaram os dois pol\u00edticos ineleg\u00edveis, junto \u00e0 Justi\u00e7a Eleitoral.<\/p>\n<p>De acordo com observadores que presenciaram o encontro, teve gente &#8220;tapando o nariz&#8221; quando os dois velhos inimigos apertaram as m\u00e3os.<\/p>\n<p><strong><em>Por Davi Ferraz\u00a0\u00a0<\/em><\/strong><\/p>\n","protected":false},"excerpt":{"rendered":"<p>Surpreendeu a todos na regi\u00e3o, o inusitado acordo pol\u00edtico firmado entre os ex-prefeitos de Macarani, Olisandro Nogueira (PP) e Armando Porto (PSD), antigos advers\u00e1rios e inimigos pessoais h\u00e1 mais de duas d\u00e9cadas. Segundo informa\u00e7\u00f5es, os velhos inimigos apertaram as m\u00e3os em um encontra articulado por um aliado de Armando e pelos deputados governistas Ronaldo Carletto [&hellip;]<\/p>\n","protected":false},"author":2,"featured_media":73209,"comment_status":"open","ping_status":"open","sticky":false,"template":"","format":"standard","meta":{"footnotes":"","_links_to":"","_links_to_target":""},"categories":[1],"tags":[],"class_list":["post-73208","post","type-post","status-publish","format-standard","has-post-thumbnail","hentry","category-geral"],"views":1818,"_links":{"self":[{"href":"https:\/\/www.sudoestehoje.com.br\/novoportal\/wp-json\/wp\/v2\/posts\/73208","targetHints":{"allow":["GET"]}}],"collection":[{"href":"https:\/\/www.sudoestehoje.com.br\/novoportal\/wp-json\/wp\/v2\/posts"}],"about":[{"href":"https:\/\/www.sudoestehoje.com.br\/novoportal\/wp-json\/wp\/v2\/types\/post"}],"author":[{"embeddable":true,"href":"https:\/\/www.sudoestehoje.com.br\/novoportal\/wp-json\/wp\/v2\/users\/2"}],"replies":[{"embeddable":true,"href":"https:\/\/www.sudoestehoje.com.br\/novoportal\/wp-json\/wp\/v2\/comments?post=73208"}],"version-history":[{"count":4,"href":"https:\/\/www.sudoestehoje.com.br\/novoportal\/wp-json\/wp\/v2\/posts\/73208\/revisions"}],"predecessor-version":[{"id":73213,"href":"https:\/\/www.sudoestehoje.com.br\/novoportal\/wp-json\/wp\/v2\/posts\/73208\/revisions\/73213"}],"wp:featuredmedia":[{"embeddable":true,"href":"https:\/\/www.sudoestehoje.com.br\/novoportal\/wp-json\/wp\/v2\/media\/73209"}],"wp:attachment":[{"href":"https:\/\/www.sudoestehoje.com.br\/novoportal\/wp-json\/wp\/v2\/media?parent=73208"}],"wp:term":[{"taxonomy":"category","embeddable":true,"href":"https:\/\/www.sudoestehoje.com.br\/novoportal\/wp-json\/wp\/v2\/categories?post=73208"},{"taxonomy":"post_tag","embeddable":true,"href":"https:\/\/www.sudoestehoje.com.br\/novoportal\/wp-json\/wp\/v2\/tags?post=73208"}],"curies":[{"name":"wp","href":"https:\/\/api.w.org\/{rel}","templated":true}]}}