
{"id":73198,"date":"2018-06-29T20:35:17","date_gmt":"2018-06-29T23:35:17","guid":{"rendered":"http:\/\/www.sudoestehoje.com.br\/novoportal\/?p=73198"},"modified":"2018-06-29T20:35:17","modified_gmt":"2018-06-29T23:35:17","slug":"funai-declara-inexistencia-de-demarcacoes-de-supostas-terras-indigenas-em-itambe","status":"publish","type":"post","link":"https:\/\/www.sudoestehoje.com.br\/novoportal\/2018\/06\/29\/funai-declara-inexistencia-de-demarcacoes-de-supostas-terras-indigenas-em-itambe\/","title":{"rendered":"FUNAI DECLARA INEXIST\u00caNCIA DE DEMARCA\u00c7\u00d5ES DE SUPOSTAS TERRAS IND\u00cdGENAS EM ITAMB\u00c9"},"content":{"rendered":"<p><a href=\"http:\/\/www.sudoestehoje.com.br\/novoportal\/wp-content\/uploads\/2018\/06\/IMBASS.jpg\"><img loading=\"lazy\" decoding=\"async\" class=\"aligncenter size-medium wp-image-73199\" src=\"http:\/\/www.sudoestehoje.com.br\/novoportal\/wp-content\/uploads\/2018\/06\/IMBASS-500x333.jpg\" alt=\"\" width=\"500\" height=\"333\" srcset=\"https:\/\/www.sudoestehoje.com.br\/novoportal\/wp-content\/uploads\/2018\/06\/IMBASS-500x333.jpg 500w, https:\/\/www.sudoestehoje.com.br\/novoportal\/wp-content\/uploads\/2018\/06\/IMBASS-768x511.jpg 768w, https:\/\/www.sudoestehoje.com.br\/novoportal\/wp-content\/uploads\/2018\/06\/IMBASS-700x466.jpg 700w, https:\/\/www.sudoestehoje.com.br\/novoportal\/wp-content\/uploads\/2018\/06\/IMBASS.jpg 960w\" sizes=\"auto, (max-width: 500px) 100vw, 500px\" \/><\/a><br \/>\nA FUNAI (Funda\u00e7\u00e3o Nacional do \u00cdndio) declarou a inexist\u00eancia de demarca\u00e7\u00f5es de terras ind\u00edgenas no munic\u00edpio de Itamb\u00e9. O assunto foi tratado com o ministro da Justi\u00e7a, Torquato Jardim, a quem a FUNAI est\u00e1 vinculada, pelo prefeito Eduardo Gama e pelo deputado federal Antonio Imbassahy, no \u00faltimo dia 24, em Bras\u00edlia.<\/p>\n<p>Imbassahy, que marcou a audi\u00eancia com Torquato a pedido do prefeito e do Sindicato Rural de Itamb\u00e9, afirmou que a declara\u00e7\u00e3o da FUNAI \u00e9 um passo importante para resolver a inseguran\u00e7a jur\u00eddica enfrentada por donos de im\u00f3veis e produtores rurais, cujas propriedades est\u00e3o sendo alvo de invas\u00f5es por grupos que se dizem representantes de ind\u00edgenas.<\/p>\n<p>\u201cA produ\u00e7\u00e3o agropecu\u00e1ria em Itamb\u00e9 e regi\u00e3o j\u00e1 est\u00e1 consolidada em propriedades de dom\u00ednio e posse h\u00e1 d\u00e9cadas e, portanto, sem nenhuma possibilidade de questionamento sobre a titularidade. As invas\u00f5es de grupos s\u00e3o, assim, ilegais e est\u00e3o prejudicando e muito a economia da regi\u00e3o\u201d, afirmou Imbassahy.<\/p>\n<p>Na declara\u00e7\u00e3o, a FUNAI afirma que n\u00e3o h\u00e1 registros de reivindica\u00e7\u00f5es fundi\u00e1rias nem estudos de identifica\u00e7\u00e3o e delimita\u00e7\u00e3o de \u00e1reas ind\u00edgenas em curso em Itamb\u00e9 e que tamb\u00e9m n\u00e3o existem terras ind\u00edgenas demarcadas ou regularizadas no munic\u00edpio.<\/p>\n<p>Segundo o deputado, o problema das invas\u00f5es tem preocupado os produtores e, por isso, os munic\u00edpios tem requerido a declara\u00e7\u00e3o de inexist\u00eancia de terras ind\u00edgenas \u00e0 FUNAI. De acordo com o Sindicato Rural de Itapetininga, os munic\u00edpios mais amea\u00e7ados atualmente, al\u00e9m de Itamb\u00e9, s\u00e3o Ribeir\u00e3o do Largo, Encruzilhada, Caatiba e Macarani.<\/p>\n","protected":false},"excerpt":{"rendered":"<p>A FUNAI (Funda\u00e7\u00e3o Nacional do \u00cdndio) declarou a inexist\u00eancia de demarca\u00e7\u00f5es de terras ind\u00edgenas no munic\u00edpio de Itamb\u00e9. O assunto foi tratado com o ministro da Justi\u00e7a, Torquato Jardim, a quem a FUNAI est\u00e1 vinculada, pelo prefeito Eduardo Gama e pelo deputado federal Antonio Imbassahy, no \u00faltimo dia 24, em Bras\u00edlia. Imbassahy, que marcou a [&hellip;]<\/p>\n","protected":false},"author":2,"featured_media":73199,"comment_status":"open","ping_status":"open","sticky":false,"template":"","format":"standard","meta":{"footnotes":"","_links_to":"","_links_to_target":""},"categories":[1],"tags":[],"class_list":["post-73198","post","type-post","status-publish","format-standard","has-post-thumbnail","hentry","category-geral"],"views":1126,"_links":{"self":[{"href":"https:\/\/www.sudoestehoje.com.br\/novoportal\/wp-json\/wp\/v2\/posts\/73198","targetHints":{"allow":["GET"]}}],"collection":[{"href":"https:\/\/www.sudoestehoje.com.br\/novoportal\/wp-json\/wp\/v2\/posts"}],"about":[{"href":"https:\/\/www.sudoestehoje.com.br\/novoportal\/wp-json\/wp\/v2\/types\/post"}],"author":[{"embeddable":true,"href":"https:\/\/www.sudoestehoje.com.br\/novoportal\/wp-json\/wp\/v2\/users\/2"}],"replies":[{"embeddable":true,"href":"https:\/\/www.sudoestehoje.com.br\/novoportal\/wp-json\/wp\/v2\/comments?post=73198"}],"version-history":[{"count":3,"href":"https:\/\/www.sudoestehoje.com.br\/novoportal\/wp-json\/wp\/v2\/posts\/73198\/revisions"}],"predecessor-version":[{"id":73202,"href":"https:\/\/www.sudoestehoje.com.br\/novoportal\/wp-json\/wp\/v2\/posts\/73198\/revisions\/73202"}],"wp:featuredmedia":[{"embeddable":true,"href":"https:\/\/www.sudoestehoje.com.br\/novoportal\/wp-json\/wp\/v2\/media\/73199"}],"wp:attachment":[{"href":"https:\/\/www.sudoestehoje.com.br\/novoportal\/wp-json\/wp\/v2\/media?parent=73198"}],"wp:term":[{"taxonomy":"category","embeddable":true,"href":"https:\/\/www.sudoestehoje.com.br\/novoportal\/wp-json\/wp\/v2\/categories?post=73198"},{"taxonomy":"post_tag","embeddable":true,"href":"https:\/\/www.sudoestehoje.com.br\/novoportal\/wp-json\/wp\/v2\/tags?post=73198"}],"curies":[{"name":"wp","href":"https:\/\/api.w.org\/{rel}","templated":true}]}}