
{"id":73194,"date":"2018-06-29T20:02:04","date_gmt":"2018-06-29T23:02:04","guid":{"rendered":"http:\/\/www.sudoestehoje.com.br\/novoportal\/?p=73194"},"modified":"2018-06-29T20:02:04","modified_gmt":"2018-06-29T23:02:04","slug":"stf-mantem-fim-da-contribuicao-sindical","status":"publish","type":"post","link":"https:\/\/www.sudoestehoje.com.br\/novoportal\/2018\/06\/29\/stf-mantem-fim-da-contribuicao-sindical\/","title":{"rendered":"STF MANT\u00c9M FIM DA CONTRIBUI\u00c7\u00c3O SINDICAL"},"content":{"rendered":"<div class=\"mc-column content-text active-extra-styles active-capital-letter\" data-block-type=\"unstyled\" data-block-weight=\"28\" data-block-id=\"2\">\n<p class=\"content-text__container theme-color-primary-first-letter\" data-track-category=\"Link no Texto\" data-track-links=\"\"><a href=\"http:\/\/www.sudoestehoje.com.br\/novoportal\/wp-content\/uploads\/2018\/06\/CONTRIB.jpg\"><img loading=\"lazy\" decoding=\"async\" class=\"aligncenter size-medium wp-image-73195\" src=\"http:\/\/www.sudoestehoje.com.br\/novoportal\/wp-content\/uploads\/2018\/06\/CONTRIB-500x336.jpg\" alt=\"\" width=\"500\" height=\"336\" srcset=\"https:\/\/www.sudoestehoje.com.br\/novoportal\/wp-content\/uploads\/2018\/06\/CONTRIB-500x336.jpg 500w, https:\/\/www.sudoestehoje.com.br\/novoportal\/wp-content\/uploads\/2018\/06\/CONTRIB.jpg 700w\" sizes=\"auto, (max-width: 500px) 100vw, 500px\" \/><\/a><\/p>\n<p class=\"content-text__container theme-color-primary-first-letter\" data-track-category=\"Link no Texto\" data-track-links=\"\">Por maioria de 6 votos a 3, o Supremo Tribunal Federal (STF) rejeitou nesta sexta-feira (29) pedidos para\u00a0tornar novamente obrigat\u00f3rio\u00a0o pagamento da contribui\u00e7\u00e3o sindical pelos trabalhadores.<\/p>\n<\/div>\n<div class=\"wall\">\n<div class=\"mc-column content-text active-extra-styles \" data-block-type=\"unstyled\" data-block-weight=\"34\" data-block-id=\"3\">\n<p class=\"content-text__container \" data-track-category=\"Link no Texto\" data-track-links=\"\">A Corte analisou 19 a\u00e7\u00f5es apresentadas por entidades sindicais contra regra da\u00a0reforma trabalhista\u00a0aprovada no ano passado, que tornou o repasse facultativo, em que cabe ao trabalhador autorizar individualmente o desconto na remunera\u00e7\u00e3o.<\/p>\n<\/div>\n<div class=\"mc-column content-text active-extra-styles \" data-block-type=\"unstyled\" data-block-weight=\"23\" data-block-id=\"4\">\n<p class=\"content-text__container \" data-track-category=\"Link no Texto\" data-track-links=\"\">A contribui\u00e7\u00e3o equivale ao sal\u00e1rio de um dia de trabalho, retirado anualmente na remunera\u00e7\u00e3o do empregado, para manuten\u00e7\u00e3o do sindicato de sua categoria.<\/p>\n<\/div>\n<\/div>\n","protected":false},"excerpt":{"rendered":"<p>Por maioria de 6 votos a 3, o Supremo Tribunal Federal (STF) rejeitou nesta sexta-feira (29) pedidos para\u00a0tornar novamente obrigat\u00f3rio\u00a0o pagamento da contribui\u00e7\u00e3o sindical pelos trabalhadores. A Corte analisou 19 a\u00e7\u00f5es apresentadas por entidades sindicais contra regra da\u00a0reforma trabalhista\u00a0aprovada no ano passado, que tornou o repasse facultativo, em que cabe ao trabalhador autorizar individualmente o [&hellip;]<\/p>\n","protected":false},"author":2,"featured_media":73195,"comment_status":"open","ping_status":"open","sticky":false,"template":"","format":"standard","meta":{"footnotes":"","_links_to":"","_links_to_target":""},"categories":[1],"tags":[],"class_list":["post-73194","post","type-post","status-publish","format-standard","has-post-thumbnail","hentry","category-geral"],"views":1014,"_links":{"self":[{"href":"https:\/\/www.sudoestehoje.com.br\/novoportal\/wp-json\/wp\/v2\/posts\/73194","targetHints":{"allow":["GET"]}}],"collection":[{"href":"https:\/\/www.sudoestehoje.com.br\/novoportal\/wp-json\/wp\/v2\/posts"}],"about":[{"href":"https:\/\/www.sudoestehoje.com.br\/novoportal\/wp-json\/wp\/v2\/types\/post"}],"author":[{"embeddable":true,"href":"https:\/\/www.sudoestehoje.com.br\/novoportal\/wp-json\/wp\/v2\/users\/2"}],"replies":[{"embeddable":true,"href":"https:\/\/www.sudoestehoje.com.br\/novoportal\/wp-json\/wp\/v2\/comments?post=73194"}],"version-history":[{"count":1,"href":"https:\/\/www.sudoestehoje.com.br\/novoportal\/wp-json\/wp\/v2\/posts\/73194\/revisions"}],"predecessor-version":[{"id":73196,"href":"https:\/\/www.sudoestehoje.com.br\/novoportal\/wp-json\/wp\/v2\/posts\/73194\/revisions\/73196"}],"wp:featuredmedia":[{"embeddable":true,"href":"https:\/\/www.sudoestehoje.com.br\/novoportal\/wp-json\/wp\/v2\/media\/73195"}],"wp:attachment":[{"href":"https:\/\/www.sudoestehoje.com.br\/novoportal\/wp-json\/wp\/v2\/media?parent=73194"}],"wp:term":[{"taxonomy":"category","embeddable":true,"href":"https:\/\/www.sudoestehoje.com.br\/novoportal\/wp-json\/wp\/v2\/categories?post=73194"},{"taxonomy":"post_tag","embeddable":true,"href":"https:\/\/www.sudoestehoje.com.br\/novoportal\/wp-json\/wp\/v2\/tags?post=73194"}],"curies":[{"name":"wp","href":"https:\/\/api.w.org\/{rel}","templated":true}]}}