
{"id":73190,"date":"2018-06-29T19:53:38","date_gmt":"2018-06-29T22:53:38","guid":{"rendered":"http:\/\/www.sudoestehoje.com.br\/novoportal\/?p=73190"},"modified":"2018-06-29T20:05:17","modified_gmt":"2018-06-29T23:05:17","slug":"ministro-do-stf-nega-liberdade-de-lula-e-arquiva-julgamento-na-2a-turma","status":"publish","type":"post","link":"https:\/\/www.sudoestehoje.com.br\/novoportal\/2018\/06\/29\/ministro-do-stf-nega-liberdade-de-lula-e-arquiva-julgamento-na-2a-turma\/","title":{"rendered":"MINISTRO DO STF NEGA LIBERDADE A LULA E ARQUIVA JULGAMENTO NA 2\u00aa TURMA"},"content":{"rendered":"<p><a href=\"http:\/\/www.sudoestehoje.com.br\/novoportal\/wp-content\/uploads\/2018\/06\/alexandre-moais-e-lula.jpg\"><img loading=\"lazy\" decoding=\"async\" class=\"aligncenter size-medium wp-image-73191\" src=\"http:\/\/www.sudoestehoje.com.br\/novoportal\/wp-content\/uploads\/2018\/06\/alexandre-moais-e-lula-500x280.jpg\" alt=\"\" width=\"500\" height=\"280\" srcset=\"https:\/\/www.sudoestehoje.com.br\/novoportal\/wp-content\/uploads\/2018\/06\/alexandre-moais-e-lula-500x280.jpg 500w, https:\/\/www.sudoestehoje.com.br\/novoportal\/wp-content\/uploads\/2018\/06\/alexandre-moais-e-lula-768x429.jpg 768w, https:\/\/www.sudoestehoje.com.br\/novoportal\/wp-content\/uploads\/2018\/06\/alexandre-moais-e-lula-700x391.jpg 700w, https:\/\/www.sudoestehoje.com.br\/novoportal\/wp-content\/uploads\/2018\/06\/alexandre-moais-e-lula.jpg 794w\" sizes=\"auto, (max-width: 500px) 100vw, 500px\" \/><\/a><\/p>\n<p>O ministro Alexandre de Moraes do Supremo Tribunal Federal (STF) negou, nesta sexta-feira (29), o novo pedido de liberdade feito pelos advogados\u00a0do ex-presidente Luiz In\u00e1cio Lula da Silva (PT).<\/p>\n<p>Moraes tamb\u00e9m arquivou o pedido da defesa para que o caso fosse analisado pela Segunda Turma da Corte, cujos ministros s\u00e3o visivelmente favor\u00e1veis \u00e0 sua soltura.<\/p>\n<p>O ex-presidente Lula est\u00e1 preso na sede da Pol\u00edcia Federal em Curitiba desde abril deste ano.<\/p>\n","protected":false},"excerpt":{"rendered":"<p>O ministro Alexandre de Moraes do Supremo Tribunal Federal (STF) negou, nesta sexta-feira (29), o novo pedido de liberdade feito pelos advogados\u00a0do ex-presidente Luiz In\u00e1cio Lula da Silva (PT). Moraes tamb\u00e9m arquivou o pedido da defesa para que o caso fosse analisado pela Segunda Turma da Corte, cujos ministros s\u00e3o visivelmente favor\u00e1veis \u00e0 sua soltura. [&hellip;]<\/p>\n","protected":false},"author":2,"featured_media":73191,"comment_status":"open","ping_status":"open","sticky":false,"template":"","format":"standard","meta":{"footnotes":"","_links_to":"","_links_to_target":""},"categories":[1],"tags":[],"class_list":["post-73190","post","type-post","status-publish","format-standard","has-post-thumbnail","hentry","category-geral"],"views":1302,"_links":{"self":[{"href":"https:\/\/www.sudoestehoje.com.br\/novoportal\/wp-json\/wp\/v2\/posts\/73190","targetHints":{"allow":["GET"]}}],"collection":[{"href":"https:\/\/www.sudoestehoje.com.br\/novoportal\/wp-json\/wp\/v2\/posts"}],"about":[{"href":"https:\/\/www.sudoestehoje.com.br\/novoportal\/wp-json\/wp\/v2\/types\/post"}],"author":[{"embeddable":true,"href":"https:\/\/www.sudoestehoje.com.br\/novoportal\/wp-json\/wp\/v2\/users\/2"}],"replies":[{"embeddable":true,"href":"https:\/\/www.sudoestehoje.com.br\/novoportal\/wp-json\/wp\/v2\/comments?post=73190"}],"version-history":[{"count":3,"href":"https:\/\/www.sudoestehoje.com.br\/novoportal\/wp-json\/wp\/v2\/posts\/73190\/revisions"}],"predecessor-version":[{"id":73197,"href":"https:\/\/www.sudoestehoje.com.br\/novoportal\/wp-json\/wp\/v2\/posts\/73190\/revisions\/73197"}],"wp:featuredmedia":[{"embeddable":true,"href":"https:\/\/www.sudoestehoje.com.br\/novoportal\/wp-json\/wp\/v2\/media\/73191"}],"wp:attachment":[{"href":"https:\/\/www.sudoestehoje.com.br\/novoportal\/wp-json\/wp\/v2\/media?parent=73190"}],"wp:term":[{"taxonomy":"category","embeddable":true,"href":"https:\/\/www.sudoestehoje.com.br\/novoportal\/wp-json\/wp\/v2\/categories?post=73190"},{"taxonomy":"post_tag","embeddable":true,"href":"https:\/\/www.sudoestehoje.com.br\/novoportal\/wp-json\/wp\/v2\/tags?post=73190"}],"curies":[{"name":"wp","href":"https:\/\/api.w.org\/{rel}","templated":true}]}}