
{"id":73187,"date":"2018-06-28T23:05:22","date_gmt":"2018-06-29T02:05:22","guid":{"rendered":"http:\/\/www.sudoestehoje.com.br\/novoportal\/?p=73187"},"modified":"2018-06-28T23:05:22","modified_gmt":"2018-06-29T02:05:22","slug":"eleicoes-timbalada-fecha-com-ciano-filho-para-deputado-federal-vamos-atras-de-cada-voto","status":"publish","type":"post","link":"https:\/\/www.sudoestehoje.com.br\/novoportal\/2018\/06\/28\/eleicoes-timbalada-fecha-com-ciano-filho-para-deputado-federal-vamos-atras-de-cada-voto\/","title":{"rendered":"ELEI\u00c7\u00d5ES: TIMBALADA FECHA COM CIANO FILHO PARA DEPUTADO FEDERAL: &#8220;VAMOS ATR\u00c1S DE CADA VOTO&#8221;"},"content":{"rendered":"<p><a href=\"http:\/\/www.sudoestehoje.com.br\/novoportal\/wp-content\/uploads\/2018\/06\/CIANO-E-TIMBALADA.jpg\"><img loading=\"lazy\" decoding=\"async\" class=\"aligncenter size-medium wp-image-73188\" src=\"http:\/\/www.sudoestehoje.com.br\/novoportal\/wp-content\/uploads\/2018\/06\/CIANO-E-TIMBALADA-500x341.jpg\" alt=\"\" width=\"500\" height=\"341\" srcset=\"https:\/\/www.sudoestehoje.com.br\/novoportal\/wp-content\/uploads\/2018\/06\/CIANO-E-TIMBALADA-500x341.jpg 500w, https:\/\/www.sudoestehoje.com.br\/novoportal\/wp-content\/uploads\/2018\/06\/CIANO-E-TIMBALADA-768x523.jpg 768w, https:\/\/www.sudoestehoje.com.br\/novoportal\/wp-content\/uploads\/2018\/06\/CIANO-E-TIMBALADA-700x477.jpg 700w, https:\/\/www.sudoestehoje.com.br\/novoportal\/wp-content\/uploads\/2018\/06\/CIANO-E-TIMBALADA.jpg 960w\" sizes=\"auto, (max-width: 500px) 100vw, 500px\" \/><\/a><\/p>\n<p>Lideran\u00e7a reconhecida em Malhada de Pedras e forte candidato \u00e0 Prefeitura nas pr\u00f3ximas elei\u00e7\u00f5es municipais, Adalberto Barbosa dos Santos, o popular Timbalada, fechou apoio \u00e0 candidatura de Ciano Filho, que disputa uma vaga na C\u00e2mara Federal pelo PROS.<\/p>\n<p>Em encontro recente, os dois conversaram sobre a import\u00e2ncia de renova\u00e7\u00e3o da pol\u00edtica baiana e brasileira. \u201cCiano \u00e9, antes de tudo, um amigo, uma pessoa de nosso conv\u00edvio e em quem confiamos de todo cora\u00e7\u00e3o. \u00c9 um sujeito decente, honesto e vai representar uma renova\u00e7\u00e3o pol\u00edtica. Estamos empenhado em eleg\u00ea-lo e vamos disputar voto por voto aqui em Malhada de Pedras e em toda regi\u00e3o, convidando os amigos a tamb\u00e9m abra\u00e7arem esta campanha\u201d, afirmou Timbalada.<\/p>\n<p>Outra importante lideran\u00e7a religiosa e forte comerciante regional que fechou apoio \u00e0 campanha de Ciano rumo \u00e0 C\u00e2mara Federal foi Marc\u00edlio, que inclusive vem costurando outros apoios \u00e0 candidatura em v\u00e1rios munic\u00edpios. \u201cA gente quer renovar, mas com algu\u00e9m capaz, em quem a gente confie para nos representar, e essa pessoa \u00e9 Ciano Filho. Estamos trabalhando para aumentar sua base\u201d, disse.<\/p>\n","protected":false},"excerpt":{"rendered":"<p>Lideran\u00e7a reconhecida em Malhada de Pedras e forte candidato \u00e0 Prefeitura nas pr\u00f3ximas elei\u00e7\u00f5es municipais, Adalberto Barbosa dos Santos, o popular Timbalada, fechou apoio \u00e0 candidatura de Ciano Filho, que disputa uma vaga na C\u00e2mara Federal pelo PROS. Em encontro recente, os dois conversaram sobre a import\u00e2ncia de renova\u00e7\u00e3o da pol\u00edtica baiana e brasileira. \u201cCiano [&hellip;]<\/p>\n","protected":false},"author":2,"featured_media":73188,"comment_status":"open","ping_status":"open","sticky":false,"template":"","format":"standard","meta":{"footnotes":"","_links_to":"","_links_to_target":""},"categories":[1],"tags":[],"class_list":["post-73187","post","type-post","status-publish","format-standard","has-post-thumbnail","hentry","category-geral"],"views":1907,"_links":{"self":[{"href":"https:\/\/www.sudoestehoje.com.br\/novoportal\/wp-json\/wp\/v2\/posts\/73187","targetHints":{"allow":["GET"]}}],"collection":[{"href":"https:\/\/www.sudoestehoje.com.br\/novoportal\/wp-json\/wp\/v2\/posts"}],"about":[{"href":"https:\/\/www.sudoestehoje.com.br\/novoportal\/wp-json\/wp\/v2\/types\/post"}],"author":[{"embeddable":true,"href":"https:\/\/www.sudoestehoje.com.br\/novoportal\/wp-json\/wp\/v2\/users\/2"}],"replies":[{"embeddable":true,"href":"https:\/\/www.sudoestehoje.com.br\/novoportal\/wp-json\/wp\/v2\/comments?post=73187"}],"version-history":[{"count":1,"href":"https:\/\/www.sudoestehoje.com.br\/novoportal\/wp-json\/wp\/v2\/posts\/73187\/revisions"}],"predecessor-version":[{"id":73189,"href":"https:\/\/www.sudoestehoje.com.br\/novoportal\/wp-json\/wp\/v2\/posts\/73187\/revisions\/73189"}],"wp:featuredmedia":[{"embeddable":true,"href":"https:\/\/www.sudoestehoje.com.br\/novoportal\/wp-json\/wp\/v2\/media\/73188"}],"wp:attachment":[{"href":"https:\/\/www.sudoestehoje.com.br\/novoportal\/wp-json\/wp\/v2\/media?parent=73187"}],"wp:term":[{"taxonomy":"category","embeddable":true,"href":"https:\/\/www.sudoestehoje.com.br\/novoportal\/wp-json\/wp\/v2\/categories?post=73187"},{"taxonomy":"post_tag","embeddable":true,"href":"https:\/\/www.sudoestehoje.com.br\/novoportal\/wp-json\/wp\/v2\/tags?post=73187"}],"curies":[{"name":"wp","href":"https:\/\/api.w.org\/{rel}","templated":true}]}}