
{"id":73156,"date":"2018-06-27T21:56:25","date_gmt":"2018-06-28T00:56:25","guid":{"rendered":"http:\/\/www.sudoestehoje.com.br\/novoportal\/?p=73156"},"modified":"2018-06-27T21:56:25","modified_gmt":"2018-06-28T00:56:25","slug":"funcionaria-publica-assina-ponto-ate-o-fim-do-mes-e-posta-foto-na-russia","status":"publish","type":"post","link":"https:\/\/www.sudoestehoje.com.br\/novoportal\/2018\/06\/27\/funcionaria-publica-assina-ponto-ate-o-fim-do-mes-e-posta-foto-na-russia\/","title":{"rendered":"FUNCION\u00c1RIA P\u00daBLICA ASSINA PONTO AT\u00c9 O FIM DO M\u00caS E POSTA FOTO NA R\u00daSSIA"},"content":{"rendered":"<p><a href=\"http:\/\/www.sudoestehoje.com.br\/novoportal\/wp-content\/uploads\/2018\/06\/par\u00e1.jpg\"><img loading=\"lazy\" decoding=\"async\" class=\"aligncenter size-medium wp-image-73157\" src=\"http:\/\/www.sudoestehoje.com.br\/novoportal\/wp-content\/uploads\/2018\/06\/par\u00e1-500x375.jpg\" alt=\"\" width=\"500\" height=\"375\" srcset=\"https:\/\/www.sudoestehoje.com.br\/novoportal\/wp-content\/uploads\/2018\/06\/par\u00e1-500x375.jpg 500w, https:\/\/www.sudoestehoje.com.br\/novoportal\/wp-content\/uploads\/2018\/06\/par\u00e1-768x576.jpg 768w, https:\/\/www.sudoestehoje.com.br\/novoportal\/wp-content\/uploads\/2018\/06\/par\u00e1-700x525.jpg 700w, https:\/\/www.sudoestehoje.com.br\/novoportal\/wp-content\/uploads\/2018\/06\/par\u00e1.jpg 780w\" sizes=\"auto, (max-width: 500px) 100vw, 500px\" \/><\/a><\/p>\n<p>Uma funcion\u00e1ria p\u00fablica da Secretaria Estadual de Transportes (Setran), do estado do Par\u00e1, viajou para a R\u00fassia com o marido para assistir os jogos da sele\u00e7\u00e3o brasileira na Copa do Mundo. Entretanto, ela n\u00e3o estava de f\u00e9rias, nem ao menos afastada do trabalho e deixou todos os pontos do trabalho assinados at\u00e9 o final do m\u00eas.<\/p>\n<p>A funcion\u00e1ria trabalha no Departamento de planejamento do \u00f3rg\u00e3o. A foto do ponto assinado pela funcion\u00e1ria foi divulgada pelo portal Roma News. A engenheira est\u00e1 na R\u00fassia, ao menos, desde o dia 17 de junho, quando a sele\u00e7\u00e3o estreou na Copa jogando contra a Su\u00ed\u00e7a. Na ocasi\u00e3o, a servidora apareceu em uma foto com as bandeiras do Brasil e do Par\u00e1 nas arquibancadas do est\u00e1dio.<\/p>\n<p>Procurada, a Setran afirmou que o \u00f3rg\u00e3o n\u00e3o \u00e9 respons\u00e1vel por disciplinar o hor\u00e1rio do expediente dos servidores, o que seria uma fun\u00e7\u00e3o da Secretaria Estadual de Administra\u00e7\u00e3o. \/\/<em>Varela Not\u00edcias<\/em><\/p>\n","protected":false},"excerpt":{"rendered":"<p>Uma funcion\u00e1ria p\u00fablica da Secretaria Estadual de Transportes (Setran), do estado do Par\u00e1, viajou para a R\u00fassia com o marido para assistir os jogos da sele\u00e7\u00e3o brasileira na Copa do Mundo. Entretanto, ela n\u00e3o estava de f\u00e9rias, nem ao menos afastada do trabalho e deixou todos os pontos do trabalho assinados at\u00e9 o final do [&hellip;]<\/p>\n","protected":false},"author":2,"featured_media":73157,"comment_status":"open","ping_status":"open","sticky":false,"template":"","format":"standard","meta":{"footnotes":"","_links_to":"","_links_to_target":""},"categories":[1],"tags":[],"class_list":["post-73156","post","type-post","status-publish","format-standard","has-post-thumbnail","hentry","category-geral"],"views":9202,"_links":{"self":[{"href":"https:\/\/www.sudoestehoje.com.br\/novoportal\/wp-json\/wp\/v2\/posts\/73156","targetHints":{"allow":["GET"]}}],"collection":[{"href":"https:\/\/www.sudoestehoje.com.br\/novoportal\/wp-json\/wp\/v2\/posts"}],"about":[{"href":"https:\/\/www.sudoestehoje.com.br\/novoportal\/wp-json\/wp\/v2\/types\/post"}],"author":[{"embeddable":true,"href":"https:\/\/www.sudoestehoje.com.br\/novoportal\/wp-json\/wp\/v2\/users\/2"}],"replies":[{"embeddable":true,"href":"https:\/\/www.sudoestehoje.com.br\/novoportal\/wp-json\/wp\/v2\/comments?post=73156"}],"version-history":[{"count":2,"href":"https:\/\/www.sudoestehoje.com.br\/novoportal\/wp-json\/wp\/v2\/posts\/73156\/revisions"}],"predecessor-version":[{"id":73159,"href":"https:\/\/www.sudoestehoje.com.br\/novoportal\/wp-json\/wp\/v2\/posts\/73156\/revisions\/73159"}],"wp:featuredmedia":[{"embeddable":true,"href":"https:\/\/www.sudoestehoje.com.br\/novoportal\/wp-json\/wp\/v2\/media\/73157"}],"wp:attachment":[{"href":"https:\/\/www.sudoestehoje.com.br\/novoportal\/wp-json\/wp\/v2\/media?parent=73156"}],"wp:term":[{"taxonomy":"category","embeddable":true,"href":"https:\/\/www.sudoestehoje.com.br\/novoportal\/wp-json\/wp\/v2\/categories?post=73156"},{"taxonomy":"post_tag","embeddable":true,"href":"https:\/\/www.sudoestehoje.com.br\/novoportal\/wp-json\/wp\/v2\/tags?post=73156"}],"curies":[{"name":"wp","href":"https:\/\/api.w.org\/{rel}","templated":true}]}}