
{"id":73132,"date":"2018-06-26T18:25:54","date_gmt":"2018-06-26T21:25:54","guid":{"rendered":"http:\/\/www.sudoestehoje.com.br\/novoportal\/?p=73132"},"modified":"2018-06-26T18:25:54","modified_gmt":"2018-06-26T21:25:54","slug":"wagner-admite-insatisfacao-na-base-governista-mas-nega-risco-de-debandada","status":"publish","type":"post","link":"https:\/\/www.sudoestehoje.com.br\/novoportal\/2018\/06\/26\/wagner-admite-insatisfacao-na-base-governista-mas-nega-risco-de-debandada\/","title":{"rendered":"WAGNER ADMITE INSATISFA\u00c7\u00c3O NA BASE GOVERNISTA, MAS NEGA RISCO DE DEBANDADA"},"content":{"rendered":"<p><a href=\"http:\/\/www.sudoestehoje.com.br\/novoportal\/wp-content\/uploads\/2018\/06\/jaques-wagner3-1000x530.jpg\"><img loading=\"lazy\" decoding=\"async\" class=\"aligncenter size-medium wp-image-73135\" src=\"http:\/\/www.sudoestehoje.com.br\/novoportal\/wp-content\/uploads\/2018\/06\/jaques-wagner3-1000x530-500x265.jpg\" alt=\"\" width=\"500\" height=\"265\" srcset=\"https:\/\/www.sudoestehoje.com.br\/novoportal\/wp-content\/uploads\/2018\/06\/jaques-wagner3-1000x530-500x265.jpg 500w, https:\/\/www.sudoestehoje.com.br\/novoportal\/wp-content\/uploads\/2018\/06\/jaques-wagner3-1000x530-768x407.jpg 768w, https:\/\/www.sudoestehoje.com.br\/novoportal\/wp-content\/uploads\/2018\/06\/jaques-wagner3-1000x530-700x371.jpg 700w, https:\/\/www.sudoestehoje.com.br\/novoportal\/wp-content\/uploads\/2018\/06\/jaques-wagner3-1000x530.jpg 1000w\" sizes=\"auto, (max-width: 500px) 100vw, 500px\" \/><\/a><\/p>\n<p>O ex-ministro e ex-governador Jaques Wagner (PT) admitiu \u00e0 imprensa que h\u00e1 insatisfa\u00e7\u00e3o na base do governador Rui Costa (PT), mas garantiu que n\u00e3o h\u00e1 risco de debandada. A insatisfa\u00e7\u00e3o por parte de alguns siglas ocorre ap\u00f3s a retirada da senadora Lidice da Mata (PSB) da chapa majorit\u00e1ria.<\/p>\n<p><em>\u201cTem uma insatisfa\u00e7\u00e3o, uma contesta\u00e7\u00e3o da decis\u00e3o tomada pelo conselho pol\u00edtico, mas n\u00e3o h\u00e1 um horizonte de ruptura. Quem n\u00e3o foi contemplado fica chateado, insatisfeito. Ela \u00e9 mulher, a chapa fica sem representa\u00e7\u00e3o feminina e ela tem as raz\u00f5es dela at\u00e9 mesmo pela trajet\u00f3ria. Durante esse per\u00edodo, n\u00f3s tivemos v\u00e1rias conversas. Agora \u00e9 andar para frente porque daqui a pouco temos que come\u00e7ar a campanha\u201d<\/em>, afirmou ao Bahia Not\u00edcias.<\/p>\n","protected":false},"excerpt":{"rendered":"<p>O ex-ministro e ex-governador Jaques Wagner (PT) admitiu \u00e0 imprensa que h\u00e1 insatisfa\u00e7\u00e3o na base do governador Rui Costa (PT), mas garantiu que n\u00e3o h\u00e1 risco de debandada. A insatisfa\u00e7\u00e3o por parte de alguns siglas ocorre ap\u00f3s a retirada da senadora Lidice da Mata (PSB) da chapa majorit\u00e1ria. \u201cTem uma insatisfa\u00e7\u00e3o, uma contesta\u00e7\u00e3o da decis\u00e3o [&hellip;]<\/p>\n","protected":false},"author":2,"featured_media":73135,"comment_status":"open","ping_status":"open","sticky":false,"template":"","format":"standard","meta":{"footnotes":"","_links_to":"","_links_to_target":""},"categories":[1],"tags":[],"class_list":["post-73132","post","type-post","status-publish","format-standard","has-post-thumbnail","hentry","category-geral"],"views":1124,"_links":{"self":[{"href":"https:\/\/www.sudoestehoje.com.br\/novoportal\/wp-json\/wp\/v2\/posts\/73132","targetHints":{"allow":["GET"]}}],"collection":[{"href":"https:\/\/www.sudoestehoje.com.br\/novoportal\/wp-json\/wp\/v2\/posts"}],"about":[{"href":"https:\/\/www.sudoestehoje.com.br\/novoportal\/wp-json\/wp\/v2\/types\/post"}],"author":[{"embeddable":true,"href":"https:\/\/www.sudoestehoje.com.br\/novoportal\/wp-json\/wp\/v2\/users\/2"}],"replies":[{"embeddable":true,"href":"https:\/\/www.sudoestehoje.com.br\/novoportal\/wp-json\/wp\/v2\/comments?post=73132"}],"version-history":[{"count":3,"href":"https:\/\/www.sudoestehoje.com.br\/novoportal\/wp-json\/wp\/v2\/posts\/73132\/revisions"}],"predecessor-version":[{"id":73136,"href":"https:\/\/www.sudoestehoje.com.br\/novoportal\/wp-json\/wp\/v2\/posts\/73132\/revisions\/73136"}],"wp:featuredmedia":[{"embeddable":true,"href":"https:\/\/www.sudoestehoje.com.br\/novoportal\/wp-json\/wp\/v2\/media\/73135"}],"wp:attachment":[{"href":"https:\/\/www.sudoestehoje.com.br\/novoportal\/wp-json\/wp\/v2\/media?parent=73132"}],"wp:term":[{"taxonomy":"category","embeddable":true,"href":"https:\/\/www.sudoestehoje.com.br\/novoportal\/wp-json\/wp\/v2\/categories?post=73132"},{"taxonomy":"post_tag","embeddable":true,"href":"https:\/\/www.sudoestehoje.com.br\/novoportal\/wp-json\/wp\/v2\/tags?post=73132"}],"curies":[{"name":"wp","href":"https:\/\/api.w.org\/{rel}","templated":true}]}}