
{"id":73123,"date":"2018-06-26T17:54:50","date_gmt":"2018-06-26T20:54:50","guid":{"rendered":"http:\/\/www.sudoestehoje.com.br\/novoportal\/?p=73123"},"modified":"2018-06-26T17:54:50","modified_gmt":"2018-06-26T20:54:50","slug":"pastor-acusado-de-mandar-matar-lider-de-igreja-em-conquista-e-preso-em-itabuna","status":"publish","type":"post","link":"https:\/\/www.sudoestehoje.com.br\/novoportal\/2018\/06\/26\/pastor-acusado-de-mandar-matar-lider-de-igreja-em-conquista-e-preso-em-itabuna\/","title":{"rendered":"PASTOR ACUSADO DE MANDAR MATAR L\u00cdDER DE IGREJA EM CONQUISTA \u00c9 PRESO EM ITABUNA"},"content":{"rendered":"<p><a href=\"http:\/\/www.sudoestehoje.com.br\/novoportal\/wp-content\/uploads\/2018\/06\/EDMAR.jpg\"><img loading=\"lazy\" decoding=\"async\" class=\"aligncenter size-medium wp-image-73125\" src=\"http:\/\/www.sudoestehoje.com.br\/novoportal\/wp-content\/uploads\/2018\/06\/EDMAR-500x300.jpg\" alt=\"\" width=\"500\" height=\"300\" \/><\/a><\/p>\n<p>O pastor Edimar Brito, suspeito de mandar matar a tamb\u00e9m pastora Marcilene Oliveira Sampaio e uma sobrinha dela, Ana Cristina Sampaio, foi preso novamente na segunda-feira (25). Edimar se apresentou na delegacia de Itabuna, no sul da Bahia.<\/p>\n<p>O crime ocorreu em janeiro de 2016. Edimar foi preso no mesmo m\u00eas e ano do crime, mas foi solto em 20 de junho de 2017, e desde ent\u00e3o seguia em liberdade. De acordo com o delegado Marcus Vin\u00edcius, a Justi\u00e7a em Vit\u00f3ria da Conquista pediu a pris\u00e3o de Edimar novamente.<\/p>\n<p>\u201cO mandado de pris\u00e3o saiu na segunda-feira passada [18 de junho] porque ele foi pronunciado novamente. O juiz entendeu que o r\u00e9u deve ir a j\u00fari e por isso pediu a pris\u00e3o dele\u201d, explicou o delegado de Vit\u00f3ria da Conquista.<\/p>\n<p>A pol\u00edcia n\u00e3o detalhou o que Edimar fazia em Itabuna. Disse apenas que ele deve ser transferido para Vit\u00f3ria da Conquista. Ainda n\u00e3o h\u00e1 data para o j\u00fari que ir\u00e1 decidir se o pastor ser\u00e1 condenado ou absolvido. Tamb\u00e9m n\u00e3o h\u00e1 informa\u00e7\u00f5es se o suspeito ir\u00e1 a j\u00fari popular.<\/p>\n<p>Os corpos de Marcilene e Ana Cristina foram encontrados no dia 20 de janeiro de 2016, em uma estrada que liga a cidade de Vit\u00f3ria da Conquista ao munic\u00edpio de Barra do Cho\u00e7a, ap\u00f3s sequestro na noite anterior. <span style=\"color: #0000ff;\"><strong><em>LEIA MAIS &gt;&gt;&gt;<\/em><\/strong><\/span><!--more--><\/p>\n<p>A pastora Marcilene Oliveira Sampaio tamb\u00e9m era professora da Universidade Estadual da Bahia (Uneb). As duas mulheres foram mortas com golpes de pedra, segundo a pol\u00edcia.<span id=\"more-203049\"><\/span><\/p>\n<p>Outros dois suspeitos de executar as mortes foram presos. S\u00e3o eles Adriano Silva dos Santos, que j\u00e1 foi condenado pela Justi\u00e7a e cumprir\u00e1 30 anos de pris\u00e3o em regime fechado, e F\u00e1bio de Jesus Santos, que ainda n\u00e3o foi julgado.<\/p>\n<p>A suspeita da pol\u00edcia \u00e9 de que o crime teria sido motivado por vingan\u00e7a ap\u00f3s as v\u00edtimas, que eram colegas do pastor suspeito, terem sa\u00eddo da igreja dele depois de um desentendimento. Elas teriam fundado um novo templo e levado a maioria dos fi\u00e9is. O pastor negou o crime na \u00e9poca da primeira pris\u00e3o. Com informa\u00e7\u00f5es do G1.<\/p>\n","protected":false},"excerpt":{"rendered":"<p>O pastor Edimar Brito, suspeito de mandar matar a tamb\u00e9m pastora Marcilene Oliveira Sampaio e uma sobrinha dela, Ana Cristina Sampaio, foi preso novamente na segunda-feira (25). Edimar se apresentou na delegacia de Itabuna, no sul da Bahia. O crime ocorreu em janeiro de 2016. Edimar foi preso no mesmo m\u00eas e ano do crime, [&hellip;]<\/p>\n","protected":false},"author":2,"featured_media":73125,"comment_status":"open","ping_status":"open","sticky":false,"template":"","format":"standard","meta":{"footnotes":"","_links_to":"","_links_to_target":""},"categories":[1],"tags":[],"class_list":["post-73123","post","type-post","status-publish","format-standard","has-post-thumbnail","hentry","category-geral"],"views":2169,"_links":{"self":[{"href":"https:\/\/www.sudoestehoje.com.br\/novoportal\/wp-json\/wp\/v2\/posts\/73123","targetHints":{"allow":["GET"]}}],"collection":[{"href":"https:\/\/www.sudoestehoje.com.br\/novoportal\/wp-json\/wp\/v2\/posts"}],"about":[{"href":"https:\/\/www.sudoestehoje.com.br\/novoportal\/wp-json\/wp\/v2\/types\/post"}],"author":[{"embeddable":true,"href":"https:\/\/www.sudoestehoje.com.br\/novoportal\/wp-json\/wp\/v2\/users\/2"}],"replies":[{"embeddable":true,"href":"https:\/\/www.sudoestehoje.com.br\/novoportal\/wp-json\/wp\/v2\/comments?post=73123"}],"version-history":[{"count":2,"href":"https:\/\/www.sudoestehoje.com.br\/novoportal\/wp-json\/wp\/v2\/posts\/73123\/revisions"}],"predecessor-version":[{"id":73126,"href":"https:\/\/www.sudoestehoje.com.br\/novoportal\/wp-json\/wp\/v2\/posts\/73123\/revisions\/73126"}],"wp:featuredmedia":[{"embeddable":true,"href":"https:\/\/www.sudoestehoje.com.br\/novoportal\/wp-json\/wp\/v2\/media\/73125"}],"wp:attachment":[{"href":"https:\/\/www.sudoestehoje.com.br\/novoportal\/wp-json\/wp\/v2\/media?parent=73123"}],"wp:term":[{"taxonomy":"category","embeddable":true,"href":"https:\/\/www.sudoestehoje.com.br\/novoportal\/wp-json\/wp\/v2\/categories?post=73123"},{"taxonomy":"post_tag","embeddable":true,"href":"https:\/\/www.sudoestehoje.com.br\/novoportal\/wp-json\/wp\/v2\/tags?post=73123"}],"curies":[{"name":"wp","href":"https:\/\/api.w.org\/{rel}","templated":true}]}}