
{"id":73120,"date":"2018-06-26T17:46:11","date_gmt":"2018-06-26T20:46:11","guid":{"rendered":"http:\/\/www.sudoestehoje.com.br\/novoportal\/?p=73120"},"modified":"2018-06-26T17:46:11","modified_gmt":"2018-06-26T20:46:11","slug":"2a-turma-do-stf-manda-soltar-ze-dirceu","status":"publish","type":"post","link":"https:\/\/www.sudoestehoje.com.br\/novoportal\/2018\/06\/26\/2a-turma-do-stf-manda-soltar-ze-dirceu\/","title":{"rendered":"2\u00aa TURMA DO STF MANDA SOLTAR Z\u00c9 DIRCEU"},"content":{"rendered":"<p><a href=\"http:\/\/www.sudoestehoje.com.br\/novoportal\/wp-content\/uploads\/2018\/06\/DIRCEU.jpg\"><img loading=\"lazy\" decoding=\"async\" class=\"aligncenter size-medium wp-image-73121\" src=\"http:\/\/www.sudoestehoje.com.br\/novoportal\/wp-content\/uploads\/2018\/06\/DIRCEU-500x300.jpg\" alt=\"\" width=\"500\" height=\"300\" srcset=\"https:\/\/www.sudoestehoje.com.br\/novoportal\/wp-content\/uploads\/2018\/06\/DIRCEU-500x300.jpg 500w, https:\/\/www.sudoestehoje.com.br\/novoportal\/wp-content\/uploads\/2018\/06\/DIRCEU.jpg 699w\" sizes=\"auto, (max-width: 500px) 100vw, 500px\" \/><\/a><\/p>\n<p>Por tr\u00eas votos a um, a\u00a0Segunda Turma\u00a0do Supremo Tribunal Federal (STF) concedeu habeas corpus nesta ter\u00e7a-feira para libertar o ex-ministro da Casa Civil\u00a0Jos\u00e9 Dirceu.<\/p>\n<p>O petista ficar\u00e1 em liberdade at\u00e9 o STF retomar a an\u00e1lise do recurso dele, o que deve acontecer apenas no pr\u00f3ximo semestre. A defesa pediu efeito suspensivo da condena\u00e7\u00e3o determinada pelo Tribunal Regional Federal da 4\u00aa Regi\u00e3o (TRF-4).<\/p>\n<p>Esse julgamento ainda n\u00e3o terminou, mas os ministros resolveram deixar Dirceu em liberdade at\u00e9 a conclus\u00e3o do caso. O caso \u00e9 semelhante ao do ex-presidente Luiz In\u00e1cio\u00a0Lula\u00a0da Silva, que ter\u00e1 o recurso julgado pelo plen\u00e1rio do STF em agosto.<\/p>\n","protected":false},"excerpt":{"rendered":"<p>Por tr\u00eas votos a um, a\u00a0Segunda Turma\u00a0do Supremo Tribunal Federal (STF) concedeu habeas corpus nesta ter\u00e7a-feira para libertar o ex-ministro da Casa Civil\u00a0Jos\u00e9 Dirceu. O petista ficar\u00e1 em liberdade at\u00e9 o STF retomar a an\u00e1lise do recurso dele, o que deve acontecer apenas no pr\u00f3ximo semestre. A defesa pediu efeito suspensivo da condena\u00e7\u00e3o determinada pelo [&hellip;]<\/p>\n","protected":false},"author":2,"featured_media":73121,"comment_status":"open","ping_status":"open","sticky":false,"template":"","format":"standard","meta":{"footnotes":"","_links_to":"","_links_to_target":""},"categories":[1],"tags":[],"class_list":["post-73120","post","type-post","status-publish","format-standard","has-post-thumbnail","hentry","category-geral"],"views":1090,"_links":{"self":[{"href":"https:\/\/www.sudoestehoje.com.br\/novoportal\/wp-json\/wp\/v2\/posts\/73120","targetHints":{"allow":["GET"]}}],"collection":[{"href":"https:\/\/www.sudoestehoje.com.br\/novoportal\/wp-json\/wp\/v2\/posts"}],"about":[{"href":"https:\/\/www.sudoestehoje.com.br\/novoportal\/wp-json\/wp\/v2\/types\/post"}],"author":[{"embeddable":true,"href":"https:\/\/www.sudoestehoje.com.br\/novoportal\/wp-json\/wp\/v2\/users\/2"}],"replies":[{"embeddable":true,"href":"https:\/\/www.sudoestehoje.com.br\/novoportal\/wp-json\/wp\/v2\/comments?post=73120"}],"version-history":[{"count":1,"href":"https:\/\/www.sudoestehoje.com.br\/novoportal\/wp-json\/wp\/v2\/posts\/73120\/revisions"}],"predecessor-version":[{"id":73122,"href":"https:\/\/www.sudoestehoje.com.br\/novoportal\/wp-json\/wp\/v2\/posts\/73120\/revisions\/73122"}],"wp:featuredmedia":[{"embeddable":true,"href":"https:\/\/www.sudoestehoje.com.br\/novoportal\/wp-json\/wp\/v2\/media\/73121"}],"wp:attachment":[{"href":"https:\/\/www.sudoestehoje.com.br\/novoportal\/wp-json\/wp\/v2\/media?parent=73120"}],"wp:term":[{"taxonomy":"category","embeddable":true,"href":"https:\/\/www.sudoestehoje.com.br\/novoportal\/wp-json\/wp\/v2\/categories?post=73120"},{"taxonomy":"post_tag","embeddable":true,"href":"https:\/\/www.sudoestehoje.com.br\/novoportal\/wp-json\/wp\/v2\/tags?post=73120"}],"curies":[{"name":"wp","href":"https:\/\/api.w.org\/{rel}","templated":true}]}}