
{"id":73114,"date":"2018-06-25T20:50:58","date_gmt":"2018-06-25T23:50:58","guid":{"rendered":"http:\/\/www.sudoestehoje.com.br\/novoportal\/?p=73114"},"modified":"2018-06-25T20:50:58","modified_gmt":"2018-06-25T23:50:58","slug":"75-pessoas-sao-vitimas-de-queimaduras-por-fogos-e-bombas-durante-sao-joao-da-bahia","status":"publish","type":"post","link":"https:\/\/www.sudoestehoje.com.br\/novoportal\/2018\/06\/25\/75-pessoas-sao-vitimas-de-queimaduras-por-fogos-e-bombas-durante-sao-joao-da-bahia\/","title":{"rendered":"75 PESSOAS S\u00c3O V\u00cdTIMAS DE QUEIMADURAS POR FOGOS E BOMBAS DURANTE S\u00c3O JO\u00c3O DA BAHIA"},"content":{"rendered":"<p><a href=\"http:\/\/www.sudoestehoje.com.br\/novoportal\/wp-content\/uploads\/2018\/06\/FOGOS-BAHIA.jpg\"><img loading=\"lazy\" decoding=\"async\" class=\"aligncenter size-medium wp-image-73118\" src=\"http:\/\/www.sudoestehoje.com.br\/novoportal\/wp-content\/uploads\/2018\/06\/FOGOS-BAHIA-500x310.jpg\" alt=\"\" width=\"500\" height=\"310\" \/><\/a><\/p>\n<p>Nas comemora\u00e7\u00f5es do S\u00e3o Jo\u00e3o, 75 pessoas foram atendidas em unidades de sa\u00fade da Bahia, v\u00edtimas de queimaduras por fogos e explos\u00e3o de bombas. De acordo com a Secretaria da Sa\u00fade do Estado da Bahia (Sesab), o n\u00famero foi registrado entre os dias 22 e 25.<\/p>\n<p>O Hospital Geral do Estado foi o que mais atendeu ocorr\u00eancias relacionadas aos festejos, com 43 atendimentos, sendo 11 v\u00edtimas de queimaduras por fogos e 32 por explos\u00e3o de bomba. No Hospital Regional de Santo Ant\u00f4nio de Jesus, 14 pessoas v\u00edtimas de queimaduras foram atendidas.<\/p>\n<p>Ainda no interior do estado, foram registrados atendimentos no Hospital Estadual da Crian\u00e7a (HEC), em Feira de Santana, com quatro atendimentos; Hospital Geral de Itaparica (1); Dantas Bi\u00e3o, em Alagoinhas (1); Hospital Regional de Juazeiro (7); Hospital Regional da Chapada, em Seabra (3), e Hospital Regional Costa do Cacau, em Ilh\u00e9us (2).<\/p>\n<p>Nenhuma ocorr\u00eancia foi registrada em Itapetinga.<\/p>\n","protected":false},"excerpt":{"rendered":"<p>Nas comemora\u00e7\u00f5es do S\u00e3o Jo\u00e3o, 75 pessoas foram atendidas em unidades de sa\u00fade da Bahia, v\u00edtimas de queimaduras por fogos e explos\u00e3o de bombas. De acordo com a Secretaria da Sa\u00fade do Estado da Bahia (Sesab), o n\u00famero foi registrado entre os dias 22 e 25. O Hospital Geral do Estado foi o que mais [&hellip;]<\/p>\n","protected":false},"author":2,"featured_media":73118,"comment_status":"open","ping_status":"open","sticky":false,"template":"","format":"standard","meta":{"footnotes":"","_links_to":"","_links_to_target":""},"categories":[1],"tags":[],"class_list":["post-73114","post","type-post","status-publish","format-standard","has-post-thumbnail","hentry","category-geral"],"views":1156,"_links":{"self":[{"href":"https:\/\/www.sudoestehoje.com.br\/novoportal\/wp-json\/wp\/v2\/posts\/73114","targetHints":{"allow":["GET"]}}],"collection":[{"href":"https:\/\/www.sudoestehoje.com.br\/novoportal\/wp-json\/wp\/v2\/posts"}],"about":[{"href":"https:\/\/www.sudoestehoje.com.br\/novoportal\/wp-json\/wp\/v2\/types\/post"}],"author":[{"embeddable":true,"href":"https:\/\/www.sudoestehoje.com.br\/novoportal\/wp-json\/wp\/v2\/users\/2"}],"replies":[{"embeddable":true,"href":"https:\/\/www.sudoestehoje.com.br\/novoportal\/wp-json\/wp\/v2\/comments?post=73114"}],"version-history":[{"count":4,"href":"https:\/\/www.sudoestehoje.com.br\/novoportal\/wp-json\/wp\/v2\/posts\/73114\/revisions"}],"predecessor-version":[{"id":73119,"href":"https:\/\/www.sudoestehoje.com.br\/novoportal\/wp-json\/wp\/v2\/posts\/73114\/revisions\/73119"}],"wp:featuredmedia":[{"embeddable":true,"href":"https:\/\/www.sudoestehoje.com.br\/novoportal\/wp-json\/wp\/v2\/media\/73118"}],"wp:attachment":[{"href":"https:\/\/www.sudoestehoje.com.br\/novoportal\/wp-json\/wp\/v2\/media?parent=73114"}],"wp:term":[{"taxonomy":"category","embeddable":true,"href":"https:\/\/www.sudoestehoje.com.br\/novoportal\/wp-json\/wp\/v2\/categories?post=73114"},{"taxonomy":"post_tag","embeddable":true,"href":"https:\/\/www.sudoestehoje.com.br\/novoportal\/wp-json\/wp\/v2\/tags?post=73114"}],"curies":[{"name":"wp","href":"https:\/\/api.w.org\/{rel}","templated":true}]}}