
{"id":731,"date":"2010-09-30T18:17:41","date_gmt":"2010-09-30T21:17:41","guid":{"rendered":"http:\/\/sudoestehoje.tempsite.ws\/novoportal\/?p=731"},"modified":"2010-09-30T18:17:41","modified_gmt":"2010-09-30T21:17:41","slug":"baiano-podera-usar-bebida-alcoolica-no-dia-das-eleicoes","status":"publish","type":"post","link":"https:\/\/www.sudoestehoje.com.br\/novoportal\/2010\/09\/30\/baiano-podera-usar-bebida-alcoolica-no-dia-das-eleicoes\/","title":{"rendered":"Baiano poder\u00e1 usar bebida alco\u00f3lica no dia das elei\u00e7\u00f5es"},"content":{"rendered":"<p style=\"text-align: center;\"><img decoding=\"async\" src=\"http:\/\/3.bp.blogspot.com\/_Pvj4u_99Ugc\/Sw29qvYlIuI\/AAAAAAAAAEE\/BKBm0aXAyWg\/s1600\/cachorro-bebado-na-praia.jpg\" alt=\"\" \/><\/p>\n<p>A Bahia n\u00e3o est\u00e1 relacionada entre os estados do pa\u00eds que ir\u00e3o aplicar a Lei Seca durante as elei\u00e7\u00f5es no pr\u00f3ximo domingo (3). Diferente de anos anteriores, neste ano, n\u00e3o h\u00e1 restri\u00e7\u00e3o a venda e ao consumo de \u00e1lcool nas proximidades das zonas eleitorais durante o tempo de vota\u00e7\u00e3o, de 8 \u00e1s 17 horas. Caber\u00e1 \u00e0 Pol\u00edcia Militar garantir o refor\u00e7o da seguran\u00e7a nos locais de apura\u00e7\u00e3o de votos e nas comemora\u00e7\u00f5es pelo resultado das apura\u00e7\u00f5es. As a\u00e7\u00f5es incluem ainda a escolta das mais de 30 mil urnas para as zonas eleitorais. S\u00e3o Paulo, Rio de Janeiro, Santa Catarina e Rio Grande do Sul tamb\u00e9m optaram por n\u00e3o fiscalizar o consumo e venda de bebidas alco\u00f3licas. No caso de Tocantins e Mato Grosso, a aplica\u00e7\u00e3o da lei ficar\u00e1 a crit\u00e9rio dos ju\u00edzes eleitorais de cada munic\u00edpio. As informa\u00e7\u00f5es s\u00e3o do Correio.<\/p>\n","protected":false},"excerpt":{"rendered":"<p>A Bahia n\u00e3o est\u00e1 relacionada entre os estados do pa\u00eds que ir\u00e3o aplicar a Lei Seca durante as elei\u00e7\u00f5es no pr\u00f3ximo domingo (3). Diferente de anos anteriores, neste ano, n\u00e3o h\u00e1 restri\u00e7\u00e3o a venda e ao consumo de \u00e1lcool nas proximidades das zonas eleitorais durante o tempo de vota\u00e7\u00e3o, de 8 \u00e1s 17 horas. Caber\u00e1 [&hellip;]<\/p>\n","protected":false},"author":2,"featured_media":0,"comment_status":"open","ping_status":"open","sticky":false,"template":"","format":"standard","meta":{"footnotes":"","_links_to":"","_links_to_target":""},"categories":[1],"tags":[],"class_list":["post-731","post","type-post","status-publish","format-standard","hentry","category-geral"],"views":3503,"_links":{"self":[{"href":"https:\/\/www.sudoestehoje.com.br\/novoportal\/wp-json\/wp\/v2\/posts\/731","targetHints":{"allow":["GET"]}}],"collection":[{"href":"https:\/\/www.sudoestehoje.com.br\/novoportal\/wp-json\/wp\/v2\/posts"}],"about":[{"href":"https:\/\/www.sudoestehoje.com.br\/novoportal\/wp-json\/wp\/v2\/types\/post"}],"author":[{"embeddable":true,"href":"https:\/\/www.sudoestehoje.com.br\/novoportal\/wp-json\/wp\/v2\/users\/2"}],"replies":[{"embeddable":true,"href":"https:\/\/www.sudoestehoje.com.br\/novoportal\/wp-json\/wp\/v2\/comments?post=731"}],"version-history":[{"count":2,"href":"https:\/\/www.sudoestehoje.com.br\/novoportal\/wp-json\/wp\/v2\/posts\/731\/revisions"}],"predecessor-version":[{"id":733,"href":"https:\/\/www.sudoestehoje.com.br\/novoportal\/wp-json\/wp\/v2\/posts\/731\/revisions\/733"}],"wp:attachment":[{"href":"https:\/\/www.sudoestehoje.com.br\/novoportal\/wp-json\/wp\/v2\/media?parent=731"}],"wp:term":[{"taxonomy":"category","embeddable":true,"href":"https:\/\/www.sudoestehoje.com.br\/novoportal\/wp-json\/wp\/v2\/categories?post=731"},{"taxonomy":"post_tag","embeddable":true,"href":"https:\/\/www.sudoestehoje.com.br\/novoportal\/wp-json\/wp\/v2\/tags?post=731"}],"curies":[{"name":"wp","href":"https:\/\/api.w.org\/{rel}","templated":true}]}}