
{"id":73041,"date":"2018-06-23T19:36:44","date_gmt":"2018-06-23T22:36:44","guid":{"rendered":"http:\/\/www.sudoestehoje.com.br\/novoportal\/?p=73041"},"modified":"2018-06-23T19:51:38","modified_gmt":"2018-06-23T22:51:38","slug":"deputado-sandro-regis-prestigia-festa-de-sao-joao-de-itapetinga","status":"publish","type":"post","link":"https:\/\/www.sudoestehoje.com.br\/novoportal\/2018\/06\/23\/deputado-sandro-regis-prestigia-festa-de-sao-joao-de-itapetinga\/","title":{"rendered":"DEPUTADO ESTADUAL SANDRO R\u00c9GIS PRESTIGIA FESTA DE S\u00c3O JO\u00c3O EM ITAPETINGA"},"content":{"rendered":"<p><a href=\"http:\/\/www.sudoestehoje.com.br\/novoportal\/wp-content\/uploads\/2018\/06\/sandro-e-dem-1.jpg\"><img loading=\"lazy\" decoding=\"async\" class=\"aligncenter size-medium wp-image-73043\" src=\"http:\/\/www.sudoestehoje.com.br\/novoportal\/wp-content\/uploads\/2018\/06\/sandro-e-dem-1-500x336.jpg\" alt=\"\" width=\"500\" height=\"336\" srcset=\"https:\/\/www.sudoestehoje.com.br\/novoportal\/wp-content\/uploads\/2018\/06\/sandro-e-dem-1-500x336.jpg 500w, https:\/\/www.sudoestehoje.com.br\/novoportal\/wp-content\/uploads\/2018\/06\/sandro-e-dem-1-768x516.jpg 768w, https:\/\/www.sudoestehoje.com.br\/novoportal\/wp-content\/uploads\/2018\/06\/sandro-e-dem-1-700x470.jpg 700w, https:\/\/www.sudoestehoje.com.br\/novoportal\/wp-content\/uploads\/2018\/06\/sandro-e-dem-1.jpg 960w\" sizes=\"auto, (max-width: 500px) 100vw, 500px\" \/><\/a><\/p>\n<p>Acompanhado da comitiva do Democratas, o deputado estadual Sandro R\u00e9gis prestigiou a festa de S\u00e3o Jo\u00e3o de Itapetinga, nesta sexta-feira (22), uma das maiores e mais organizadas do interior do Bahia.<\/p>\n<p>Ao lado de Sandro estavam os competentes vereadores Naara Duarte, Anderson da Nova e Fabiano Bahia, al\u00e9m do pr\u00e9-candidato ao senado, Jutahy Junior (PSDB), Dr. Jos\u00e9 Ot\u00e1vio, Renan Pereira e do deputado federal Aleluia, candidato \u00e0 reelei\u00e7\u00e3o pelo DEM.<\/p>\n<p>Sandro circulou pelo circuito da festa, reencontrando amigos, correligion\u00e1rios e eleitores, sendo reconhecido e bem recebido por todos.<\/p>\n<p><a href=\"http:\/\/www.sudoestehoje.com.br\/novoportal\/wp-content\/uploads\/2018\/06\/SANDO-R\u00c1DIO-1.jpg\"><img loading=\"lazy\" decoding=\"async\" class=\"aligncenter size-medium wp-image-73049\" src=\"http:\/\/www.sudoestehoje.com.br\/novoportal\/wp-content\/uploads\/2018\/06\/SANDO-R\u00c1DIO-1-500x325.jpg\" alt=\"\" width=\"500\" height=\"325\" srcset=\"https:\/\/www.sudoestehoje.com.br\/novoportal\/wp-content\/uploads\/2018\/06\/SANDO-R\u00c1DIO-1-500x325.jpg 500w, https:\/\/www.sudoestehoje.com.br\/novoportal\/wp-content\/uploads\/2018\/06\/SANDO-R\u00c1DIO-1-768x499.jpg 768w, https:\/\/www.sudoestehoje.com.br\/novoportal\/wp-content\/uploads\/2018\/06\/SANDO-R\u00c1DIO-1-700x455.jpg 700w, https:\/\/www.sudoestehoje.com.br\/novoportal\/wp-content\/uploads\/2018\/06\/SANDO-R\u00c1DIO-1.jpg 960w\" sizes=\"auto, (max-width: 500px) 100vw, 500px\" \/><\/a><\/p>\n<p>Na manh\u00e3 deste s\u00e1bado, o deputado concedeu entrevista ao comunicador Tito Rocha, na R\u00e1dio Cidade FM.<\/p>\n<p><strong><em>Reda\u00e7\u00e3o<\/em><\/strong><\/p>\n","protected":false},"excerpt":{"rendered":"<p>Acompanhado da comitiva do Democratas, o deputado estadual Sandro R\u00e9gis prestigiou a festa de S\u00e3o Jo\u00e3o de Itapetinga, nesta sexta-feira (22), uma das maiores e mais organizadas do interior do Bahia. Ao lado de Sandro estavam os competentes vereadores Naara Duarte, Anderson da Nova e Fabiano Bahia, al\u00e9m do pr\u00e9-candidato ao senado, Jutahy Junior (PSDB), [&hellip;]<\/p>\n","protected":false},"author":2,"featured_media":73042,"comment_status":"open","ping_status":"open","sticky":false,"template":"","format":"standard","meta":{"footnotes":"","_links_to":"","_links_to_target":""},"categories":[1],"tags":[],"class_list":["post-73041","post","type-post","status-publish","format-standard","has-post-thumbnail","hentry","category-geral"],"views":1484,"_links":{"self":[{"href":"https:\/\/www.sudoestehoje.com.br\/novoportal\/wp-json\/wp\/v2\/posts\/73041","targetHints":{"allow":["GET"]}}],"collection":[{"href":"https:\/\/www.sudoestehoje.com.br\/novoportal\/wp-json\/wp\/v2\/posts"}],"about":[{"href":"https:\/\/www.sudoestehoje.com.br\/novoportal\/wp-json\/wp\/v2\/types\/post"}],"author":[{"embeddable":true,"href":"https:\/\/www.sudoestehoje.com.br\/novoportal\/wp-json\/wp\/v2\/users\/2"}],"replies":[{"embeddable":true,"href":"https:\/\/www.sudoestehoje.com.br\/novoportal\/wp-json\/wp\/v2\/comments?post=73041"}],"version-history":[{"count":7,"href":"https:\/\/www.sudoestehoje.com.br\/novoportal\/wp-json\/wp\/v2\/posts\/73041\/revisions"}],"predecessor-version":[{"id":73052,"href":"https:\/\/www.sudoestehoje.com.br\/novoportal\/wp-json\/wp\/v2\/posts\/73041\/revisions\/73052"}],"wp:featuredmedia":[{"embeddable":true,"href":"https:\/\/www.sudoestehoje.com.br\/novoportal\/wp-json\/wp\/v2\/media\/73042"}],"wp:attachment":[{"href":"https:\/\/www.sudoestehoje.com.br\/novoportal\/wp-json\/wp\/v2\/media?parent=73041"}],"wp:term":[{"taxonomy":"category","embeddable":true,"href":"https:\/\/www.sudoestehoje.com.br\/novoportal\/wp-json\/wp\/v2\/categories?post=73041"},{"taxonomy":"post_tag","embeddable":true,"href":"https:\/\/www.sudoestehoje.com.br\/novoportal\/wp-json\/wp\/v2\/tags?post=73041"}],"curies":[{"name":"wp","href":"https:\/\/api.w.org\/{rel}","templated":true}]}}