
{"id":73036,"date":"2018-06-23T19:05:34","date_gmt":"2018-06-23T22:05:34","guid":{"rendered":"http:\/\/www.sudoestehoje.com.br\/novoportal\/?p=73036"},"modified":"2018-06-23T20:25:19","modified_gmt":"2018-06-23T23:25:19","slug":"itapetinga-show-de-cesar-menotti-e-fabiano-deve-bater-recorde-de-publico-neste-sabado","status":"publish","type":"post","link":"https:\/\/www.sudoestehoje.com.br\/novoportal\/2018\/06\/23\/itapetinga-show-de-cesar-menotti-e-fabiano-deve-bater-recorde-de-publico-neste-sabado\/","title":{"rendered":"ITAPETINGA: SHOW DE C\u00c9SAR MENOTTI  E FABIANO DEVE BATER RECORDE DE P\u00daBLICO NESTE S\u00c1BADO"},"content":{"rendered":"<p><a href=\"http:\/\/www.sudoestehoje.com.br\/novoportal\/wp-content\/uploads\/2018\/06\/\u00e9-hoje.jpg\"><img loading=\"lazy\" decoding=\"async\" class=\"aligncenter size-medium wp-image-73039\" src=\"http:\/\/www.sudoestehoje.com.br\/novoportal\/wp-content\/uploads\/2018\/06\/\u00e9-hoje-500x333.jpg\" alt=\"\" width=\"500\" height=\"333\" srcset=\"https:\/\/www.sudoestehoje.com.br\/novoportal\/wp-content\/uploads\/2018\/06\/\u00e9-hoje-500x333.jpg 500w, https:\/\/www.sudoestehoje.com.br\/novoportal\/wp-content\/uploads\/2018\/06\/\u00e9-hoje-768x512.jpg 768w, https:\/\/www.sudoestehoje.com.br\/novoportal\/wp-content\/uploads\/2018\/06\/\u00e9-hoje-700x466.jpg 700w, https:\/\/www.sudoestehoje.com.br\/novoportal\/wp-content\/uploads\/2018\/06\/\u00e9-hoje.jpg 800w\" sizes=\"auto, (max-width: 500px) 100vw, 500px\" \/><\/a><\/p>\n<p>A noite deste s\u00e1bado (23), no arrai\u00e1 do Parque da Lagoa em Itapetinga, promete ser a mais concorrida da linda festa de S\u00e3o Jo\u00e3o da cidade pela prefeitura municipal.<\/p>\n<p>A principal atra\u00e7\u00e3o da festa ser\u00e1 a consagrada dupla sertaneja C\u00e9sar Menotti e Juliano, sucesso nacional que atrai multid\u00f5es por onde passa. Antecedem ao show da dupla, Pietro e Caviar com Rapadura. A noite de festa encerra com Netinho do Forr\u00f3.<\/p>\n<p>Nos dois primeiros dias da festa (quinta e sexta), o circuito do S\u00e3o Jo\u00e3o ficou quase que totalmente lotado, com p\u00fablico estimado em 12 mil pessoas em cada dia.<\/p>\n<p>Para este s\u00e1bado, a expectativa \u00e9 de que o p\u00fablico presente \u00e0 festa ultrapasse a casa dos 20 mil, coroando a sensacional festa realizada neste ano.<\/p>\n<p>Vale a pena participar.<\/p>\n<p><em><strong>Por Davi Ferraz\u00a0<\/strong><\/em><\/p>\n","protected":false},"excerpt":{"rendered":"<p>A noite deste s\u00e1bado (23), no arrai\u00e1 do Parque da Lagoa em Itapetinga, promete ser a mais concorrida da linda festa de S\u00e3o Jo\u00e3o da cidade pela prefeitura municipal. A principal atra\u00e7\u00e3o da festa ser\u00e1 a consagrada dupla sertaneja C\u00e9sar Menotti e Juliano, sucesso nacional que atrai multid\u00f5es por onde passa. Antecedem ao show da [&hellip;]<\/p>\n","protected":false},"author":2,"featured_media":73039,"comment_status":"open","ping_status":"open","sticky":false,"template":"","format":"standard","meta":{"footnotes":"","_links_to":"","_links_to_target":""},"categories":[1],"tags":[],"class_list":["post-73036","post","type-post","status-publish","format-standard","has-post-thumbnail","hentry","category-geral"],"views":1372,"_links":{"self":[{"href":"https:\/\/www.sudoestehoje.com.br\/novoportal\/wp-json\/wp\/v2\/posts\/73036","targetHints":{"allow":["GET"]}}],"collection":[{"href":"https:\/\/www.sudoestehoje.com.br\/novoportal\/wp-json\/wp\/v2\/posts"}],"about":[{"href":"https:\/\/www.sudoestehoje.com.br\/novoportal\/wp-json\/wp\/v2\/types\/post"}],"author":[{"embeddable":true,"href":"https:\/\/www.sudoestehoje.com.br\/novoportal\/wp-json\/wp\/v2\/users\/2"}],"replies":[{"embeddable":true,"href":"https:\/\/www.sudoestehoje.com.br\/novoportal\/wp-json\/wp\/v2\/comments?post=73036"}],"version-history":[{"count":5,"href":"https:\/\/www.sudoestehoje.com.br\/novoportal\/wp-json\/wp\/v2\/posts\/73036\/revisions"}],"predecessor-version":[{"id":73057,"href":"https:\/\/www.sudoestehoje.com.br\/novoportal\/wp-json\/wp\/v2\/posts\/73036\/revisions\/73057"}],"wp:featuredmedia":[{"embeddable":true,"href":"https:\/\/www.sudoestehoje.com.br\/novoportal\/wp-json\/wp\/v2\/media\/73039"}],"wp:attachment":[{"href":"https:\/\/www.sudoestehoje.com.br\/novoportal\/wp-json\/wp\/v2\/media?parent=73036"}],"wp:term":[{"taxonomy":"category","embeddable":true,"href":"https:\/\/www.sudoestehoje.com.br\/novoportal\/wp-json\/wp\/v2\/categories?post=73036"},{"taxonomy":"post_tag","embeddable":true,"href":"https:\/\/www.sudoestehoje.com.br\/novoportal\/wp-json\/wp\/v2\/tags?post=73036"}],"curies":[{"name":"wp","href":"https:\/\/api.w.org\/{rel}","templated":true}]}}