
{"id":72993,"date":"2018-06-22T19:43:34","date_gmt":"2018-06-22T22:43:34","guid":{"rendered":"http:\/\/www.sudoestehoje.com.br\/novoportal\/?p=72993"},"modified":"2018-06-22T19:43:34","modified_gmt":"2018-06-22T22:43:34","slug":"urgente-ministro-fachin-arquiva-pedido-de-liberdade-de-lula-julgamento-foi-cancelado","status":"publish","type":"post","link":"https:\/\/www.sudoestehoje.com.br\/novoportal\/2018\/06\/22\/urgente-ministro-fachin-arquiva-pedido-de-liberdade-de-lula-julgamento-foi-cancelado\/","title":{"rendered":"URGENTE! MINISTRO FACHIN ARQUIVA PEDIDO DE LIBERDADE DE LULA; JULGAMENTO FOI CANCELADO"},"content":{"rendered":"<div class=\"mc-column content-text active-extra-styles active-capital-letter\" data-block-type=\"unstyled\" data-block-weight=\"44\" data-block-id=\"1\">\n<p class=\"content-text__container theme-color-primary-first-letter\" data-track-category=\"Link no Texto\" data-track-links=\"\"><a href=\"http:\/\/www.sudoestehoje.com.br\/novoportal\/wp-content\/uploads\/2018\/06\/lula-preso-1-1.jpg\"><img loading=\"lazy\" decoding=\"async\" class=\"aligncenter size-medium wp-image-72995\" src=\"http:\/\/www.sudoestehoje.com.br\/novoportal\/wp-content\/uploads\/2018\/06\/lula-preso-1-1-500x281.jpg\" alt=\"\" width=\"500\" height=\"281\" srcset=\"https:\/\/www.sudoestehoje.com.br\/novoportal\/wp-content\/uploads\/2018\/06\/lula-preso-1-1-500x281.jpg 500w, https:\/\/www.sudoestehoje.com.br\/novoportal\/wp-content\/uploads\/2018\/06\/lula-preso-1-1.jpg 768w, https:\/\/www.sudoestehoje.com.br\/novoportal\/wp-content\/uploads\/2018\/06\/lula-preso-1-1-700x394.jpg 700w\" sizes=\"auto, (max-width: 500px) 100vw, 500px\" \/><\/a><\/p>\n<p class=\"content-text__container theme-color-primary-first-letter\" data-track-category=\"Link no Texto\" data-track-links=\"\">O ministro Luiz Edson Fachin determinou nesta sexta-feira (22) o arquivamento de pedido de liberdade feito pela defesa do ex-presidente Luiz In\u00e1cio Lula da Silva, no qual houve pleito alternativo de pris\u00e3o domiciliar nesta semana.<\/p>\n<p class=\"content-text__container theme-color-primary-first-letter\" data-track-category=\"Link no Texto\" data-track-links=\"\">O julgamento estava marcado para a pr\u00f3xima ter\u00e7a (26), mas acabou sendo cancelado.<\/p>\n<\/div>\n<div class=\"wall\">\n<div class=\"mc-column content-text active-extra-styles \" data-block-type=\"unstyled\" data-block-weight=\"28\" data-block-id=\"2\">\n<p class=\"content-text__container \" data-track-category=\"Link no Texto\" data-track-links=\"\">Fachin entendeu que como o Tribunal Regional Federal da 4\u00aa Regi\u00e3o (TRF-4) rejeitou enviar recurso contra a condena\u00e7\u00e3o de Lula ao Supremo, o pedido da defesa ficou &#8220;prejudicado&#8221;.<\/p>\n<\/div>\n<\/div>\n","protected":false},"excerpt":{"rendered":"<p>O ministro Luiz Edson Fachin determinou nesta sexta-feira (22) o arquivamento de pedido de liberdade feito pela defesa do ex-presidente Luiz In\u00e1cio Lula da Silva, no qual houve pleito alternativo de pris\u00e3o domiciliar nesta semana. O julgamento estava marcado para a pr\u00f3xima ter\u00e7a (26), mas acabou sendo cancelado. Fachin entendeu que como o Tribunal Regional [&hellip;]<\/p>\n","protected":false},"author":2,"featured_media":72995,"comment_status":"open","ping_status":"open","sticky":false,"template":"","format":"standard","meta":{"footnotes":"","_links_to":"","_links_to_target":""},"categories":[1],"tags":[],"class_list":["post-72993","post","type-post","status-publish","format-standard","has-post-thumbnail","hentry","category-geral"],"views":1670,"_links":{"self":[{"href":"https:\/\/www.sudoestehoje.com.br\/novoportal\/wp-json\/wp\/v2\/posts\/72993","targetHints":{"allow":["GET"]}}],"collection":[{"href":"https:\/\/www.sudoestehoje.com.br\/novoportal\/wp-json\/wp\/v2\/posts"}],"about":[{"href":"https:\/\/www.sudoestehoje.com.br\/novoportal\/wp-json\/wp\/v2\/types\/post"}],"author":[{"embeddable":true,"href":"https:\/\/www.sudoestehoje.com.br\/novoportal\/wp-json\/wp\/v2\/users\/2"}],"replies":[{"embeddable":true,"href":"https:\/\/www.sudoestehoje.com.br\/novoportal\/wp-json\/wp\/v2\/comments?post=72993"}],"version-history":[{"count":1,"href":"https:\/\/www.sudoestehoje.com.br\/novoportal\/wp-json\/wp\/v2\/posts\/72993\/revisions"}],"predecessor-version":[{"id":72996,"href":"https:\/\/www.sudoestehoje.com.br\/novoportal\/wp-json\/wp\/v2\/posts\/72993\/revisions\/72996"}],"wp:featuredmedia":[{"embeddable":true,"href":"https:\/\/www.sudoestehoje.com.br\/novoportal\/wp-json\/wp\/v2\/media\/72995"}],"wp:attachment":[{"href":"https:\/\/www.sudoestehoje.com.br\/novoportal\/wp-json\/wp\/v2\/media?parent=72993"}],"wp:term":[{"taxonomy":"category","embeddable":true,"href":"https:\/\/www.sudoestehoje.com.br\/novoportal\/wp-json\/wp\/v2\/categories?post=72993"},{"taxonomy":"post_tag","embeddable":true,"href":"https:\/\/www.sudoestehoje.com.br\/novoportal\/wp-json\/wp\/v2\/tags?post=72993"}],"curies":[{"name":"wp","href":"https:\/\/api.w.org\/{rel}","templated":true}]}}