
{"id":72988,"date":"2018-06-22T19:04:19","date_gmt":"2018-06-22T22:04:19","guid":{"rendered":"http:\/\/www.sudoestehoje.com.br\/novoportal\/?p=72988"},"modified":"2018-06-22T19:12:25","modified_gmt":"2018-06-22T22:12:25","slug":"antonio-brito-e-comitiva-visitam-o-circuito-do-sao-joao-em-itapetinga","status":"publish","type":"post","link":"https:\/\/www.sudoestehoje.com.br\/novoportal\/2018\/06\/22\/antonio-brito-e-comitiva-visitam-o-circuito-do-sao-joao-em-itapetinga\/","title":{"rendered":"ANT\u00d4NIO BRITO E COMITIVA VISITAM CIRCUITO DO S\u00c3O JO\u00c3O EM ITAPETINGA"},"content":{"rendered":"<p><a href=\"http:\/\/www.sudoestehoje.com.br\/novoportal\/wp-content\/uploads\/2018\/06\/brito-e-comitiva-no-S\u00e3o-Jo\u00e3o.jpg\"><img loading=\"lazy\" decoding=\"async\" class=\"aligncenter size-medium wp-image-72989\" src=\"http:\/\/www.sudoestehoje.com.br\/novoportal\/wp-content\/uploads\/2018\/06\/brito-e-comitiva-no-S\u00e3o-Jo\u00e3o-500x375.jpg\" alt=\"\" width=\"500\" height=\"375\" srcset=\"https:\/\/www.sudoestehoje.com.br\/novoportal\/wp-content\/uploads\/2018\/06\/brito-e-comitiva-no-S\u00e3o-Jo\u00e3o-500x375.jpg 500w, https:\/\/www.sudoestehoje.com.br\/novoportal\/wp-content\/uploads\/2018\/06\/brito-e-comitiva-no-S\u00e3o-Jo\u00e3o-768x576.jpg 768w, https:\/\/www.sudoestehoje.com.br\/novoportal\/wp-content\/uploads\/2018\/06\/brito-e-comitiva-no-S\u00e3o-Jo\u00e3o-700x525.jpg 700w, https:\/\/www.sudoestehoje.com.br\/novoportal\/wp-content\/uploads\/2018\/06\/brito-e-comitiva-no-S\u00e3o-Jo\u00e3o.jpg 960w\" sizes=\"auto, (max-width: 500px) 100vw, 500px\" \/><\/a><\/p>\n<p>Na abertura dos festejos juninos em Itapetinga, na noite desta quinta-feira (21), o deputado federal Ant\u00f4nio Brito e comitiva se fizeram presentes, sendo recepcionados e saudados por pol\u00edticos, amigos e populares.<\/p>\n<p>Brito chegou ao circuito da festa por volta das 22h, permanecendo at\u00e9 o final do show da Banda Calcinha Preta, no meio da multid\u00e3o que lotou o Parque da Lagoa.<\/p>\n<p>Ao lado de Brito, Leonardo Matos e B\u00e1rbara, K\u00e1tia Espinheira, vereadores Valquir\u00e3o, Alberto e Piritiba e as ex-vereadoras Neide da Vila, N\u00eddia Oliveira e Jan\u00edsia Amorim, dentre outros.<\/p>\n<p>Na manh\u00e3 desta sexta-feira (22) o deputado seguiu para Jequi\u00e9 e outras cidades da regi\u00e3o, para marcar presen\u00e7a em outras festas de S\u00e3o Jo\u00e3o e reunir com suas bases nesses munic\u00edpios.<\/p>\n<p><strong><em>Reda\u00e7\u00e3o<\/em><\/strong><\/p>\n","protected":false},"excerpt":{"rendered":"<p>Na abertura dos festejos juninos em Itapetinga, na noite desta quinta-feira (21), o deputado federal Ant\u00f4nio Brito e comitiva se fizeram presentes, sendo recepcionados e saudados por pol\u00edticos, amigos e populares. Brito chegou ao circuito da festa por volta das 22h, permanecendo at\u00e9 o final do show da Banda Calcinha Preta, no meio da multid\u00e3o [&hellip;]<\/p>\n","protected":false},"author":2,"featured_media":72989,"comment_status":"open","ping_status":"open","sticky":false,"template":"","format":"standard","meta":{"footnotes":"","_links_to":"","_links_to_target":""},"categories":[1],"tags":[],"class_list":["post-72988","post","type-post","status-publish","format-standard","has-post-thumbnail","hentry","category-geral"],"views":1206,"_links":{"self":[{"href":"https:\/\/www.sudoestehoje.com.br\/novoportal\/wp-json\/wp\/v2\/posts\/72988","targetHints":{"allow":["GET"]}}],"collection":[{"href":"https:\/\/www.sudoestehoje.com.br\/novoportal\/wp-json\/wp\/v2\/posts"}],"about":[{"href":"https:\/\/www.sudoestehoje.com.br\/novoportal\/wp-json\/wp\/v2\/types\/post"}],"author":[{"embeddable":true,"href":"https:\/\/www.sudoestehoje.com.br\/novoportal\/wp-json\/wp\/v2\/users\/2"}],"replies":[{"embeddable":true,"href":"https:\/\/www.sudoestehoje.com.br\/novoportal\/wp-json\/wp\/v2\/comments?post=72988"}],"version-history":[{"count":3,"href":"https:\/\/www.sudoestehoje.com.br\/novoportal\/wp-json\/wp\/v2\/posts\/72988\/revisions"}],"predecessor-version":[{"id":72992,"href":"https:\/\/www.sudoestehoje.com.br\/novoportal\/wp-json\/wp\/v2\/posts\/72988\/revisions\/72992"}],"wp:featuredmedia":[{"embeddable":true,"href":"https:\/\/www.sudoestehoje.com.br\/novoportal\/wp-json\/wp\/v2\/media\/72989"}],"wp:attachment":[{"href":"https:\/\/www.sudoestehoje.com.br\/novoportal\/wp-json\/wp\/v2\/media?parent=72988"}],"wp:term":[{"taxonomy":"category","embeddable":true,"href":"https:\/\/www.sudoestehoje.com.br\/novoportal\/wp-json\/wp\/v2\/categories?post=72988"},{"taxonomy":"post_tag","embeddable":true,"href":"https:\/\/www.sudoestehoje.com.br\/novoportal\/wp-json\/wp\/v2\/tags?post=72988"}],"curies":[{"name":"wp","href":"https:\/\/api.w.org\/{rel}","templated":true}]}}