
{"id":72985,"date":"2018-06-22T18:22:07","date_gmt":"2018-06-22T21:22:07","guid":{"rendered":"http:\/\/www.sudoestehoje.com.br\/novoportal\/?p=72985"},"modified":"2018-06-22T18:22:07","modified_gmt":"2018-06-22T21:22:07","slug":"cnn-revela-que-criancas-separadas-dos-pais-nos-eua-podem-ter-sido-agredidas","status":"publish","type":"post","link":"https:\/\/www.sudoestehoje.com.br\/novoportal\/2018\/06\/22\/cnn-revela-que-criancas-separadas-dos-pais-nos-eua-podem-ter-sido-agredidas\/","title":{"rendered":"CNN REVELA QUE CRIAN\u00c7AS SEPARADAS DOS PAIS NOS EUA PODEM TER SIDO AGREDIDAS"},"content":{"rendered":"<p><a href=\"http:\/\/www.sudoestehoje.com.br\/novoportal\/wp-content\/uploads\/2018\/06\/childrefugees.jpg\"><img loading=\"lazy\" decoding=\"async\" class=\"aligncenter size-medium wp-image-72986\" src=\"http:\/\/www.sudoestehoje.com.br\/novoportal\/wp-content\/uploads\/2018\/06\/childrefugees-500x282.jpg\" alt=\"\" width=\"500\" height=\"282\" srcset=\"https:\/\/www.sudoestehoje.com.br\/novoportal\/wp-content\/uploads\/2018\/06\/childrefugees-500x282.jpg 500w, https:\/\/www.sudoestehoje.com.br\/novoportal\/wp-content\/uploads\/2018\/06\/childrefugees.jpg 595w\" sizes=\"auto, (max-width: 500px) 100vw, 500px\" \/><\/a><\/p>\n<p>A rede americana CNN acaba de divulgar em seu canal internacional que algumas das crian\u00e7as pequenas que t\u00eam sido separadas dos pais na fronteira americana com o M\u00e9xico e enviadas a abrigos sozinhas est\u00e3o sofrendo agress\u00f5es nos centros de deten\u00e7\u00e3o espalhados pelo pa\u00eds.<\/p>\n<p>De acordo com a emissora, h\u00e1 relatos de crian\u00e7as que apanharam e sofreram abusos f\u00edsicos, assim como relatos de abuso psicol\u00f3gico e uso excessivo de isolamento com alguns dos menores.<\/p>\n<p>Se comprovadas as acusa\u00e7\u00f5es, o governo americano pode ser processado por infra\u00e7\u00e3o de direitos humanos e abuso de menores.<\/p>\n","protected":false},"excerpt":{"rendered":"<p>A rede americana CNN acaba de divulgar em seu canal internacional que algumas das crian\u00e7as pequenas que t\u00eam sido separadas dos pais na fronteira americana com o M\u00e9xico e enviadas a abrigos sozinhas est\u00e3o sofrendo agress\u00f5es nos centros de deten\u00e7\u00e3o espalhados pelo pa\u00eds. De acordo com a emissora, h\u00e1 relatos de crian\u00e7as que apanharam e [&hellip;]<\/p>\n","protected":false},"author":2,"featured_media":72986,"comment_status":"open","ping_status":"open","sticky":false,"template":"","format":"standard","meta":{"footnotes":"","_links_to":"","_links_to_target":""},"categories":[1],"tags":[],"class_list":["post-72985","post","type-post","status-publish","format-standard","has-post-thumbnail","hentry","category-geral"],"views":1022,"_links":{"self":[{"href":"https:\/\/www.sudoestehoje.com.br\/novoportal\/wp-json\/wp\/v2\/posts\/72985","targetHints":{"allow":["GET"]}}],"collection":[{"href":"https:\/\/www.sudoestehoje.com.br\/novoportal\/wp-json\/wp\/v2\/posts"}],"about":[{"href":"https:\/\/www.sudoestehoje.com.br\/novoportal\/wp-json\/wp\/v2\/types\/post"}],"author":[{"embeddable":true,"href":"https:\/\/www.sudoestehoje.com.br\/novoportal\/wp-json\/wp\/v2\/users\/2"}],"replies":[{"embeddable":true,"href":"https:\/\/www.sudoestehoje.com.br\/novoportal\/wp-json\/wp\/v2\/comments?post=72985"}],"version-history":[{"count":1,"href":"https:\/\/www.sudoestehoje.com.br\/novoportal\/wp-json\/wp\/v2\/posts\/72985\/revisions"}],"predecessor-version":[{"id":72987,"href":"https:\/\/www.sudoestehoje.com.br\/novoportal\/wp-json\/wp\/v2\/posts\/72985\/revisions\/72987"}],"wp:featuredmedia":[{"embeddable":true,"href":"https:\/\/www.sudoestehoje.com.br\/novoportal\/wp-json\/wp\/v2\/media\/72986"}],"wp:attachment":[{"href":"https:\/\/www.sudoestehoje.com.br\/novoportal\/wp-json\/wp\/v2\/media?parent=72985"}],"wp:term":[{"taxonomy":"category","embeddable":true,"href":"https:\/\/www.sudoestehoje.com.br\/novoportal\/wp-json\/wp\/v2\/categories?post=72985"},{"taxonomy":"post_tag","embeddable":true,"href":"https:\/\/www.sudoestehoje.com.br\/novoportal\/wp-json\/wp\/v2\/tags?post=72985"}],"curies":[{"name":"wp","href":"https:\/\/api.w.org\/{rel}","templated":true}]}}