
{"id":72953,"date":"2018-06-22T11:02:18","date_gmt":"2018-06-22T14:02:18","guid":{"rendered":"http:\/\/www.sudoestehoje.com.br\/novoportal\/?p=72953"},"modified":"2018-06-22T11:02:42","modified_gmt":"2018-06-22T14:02:42","slug":"luto-na-bahia-morre-aos-91-anos-o-ex-governador-waldir-pires","status":"publish","type":"post","link":"https:\/\/www.sudoestehoje.com.br\/novoportal\/2018\/06\/22\/luto-na-bahia-morre-aos-91-anos-o-ex-governador-waldir-pires\/","title":{"rendered":"LUTO NA BAHIA: MORRE, AOS 91 ANOS, O EX-GOVERNADOR WALDIR PIRES"},"content":{"rendered":"<p class=\"bodytext\"><a href=\"http:\/\/www.sudoestehoje.com.br\/novoportal\/wp-content\/uploads\/2018\/06\/WAldir.jpg\"><img loading=\"lazy\" decoding=\"async\" class=\"aligncenter size-medium wp-image-72954\" src=\"http:\/\/www.sudoestehoje.com.br\/novoportal\/wp-content\/uploads\/2018\/06\/WAldir-500x331.jpg\" alt=\"\" width=\"500\" height=\"331\" srcset=\"https:\/\/www.sudoestehoje.com.br\/novoportal\/wp-content\/uploads\/2018\/06\/WAldir-500x331.jpg 500w, https:\/\/www.sudoestehoje.com.br\/novoportal\/wp-content\/uploads\/2018\/06\/WAldir-768x508.jpg 768w, https:\/\/www.sudoestehoje.com.br\/novoportal\/wp-content\/uploads\/2018\/06\/WAldir-700x463.jpg 700w, https:\/\/www.sudoestehoje.com.br\/novoportal\/wp-content\/uploads\/2018\/06\/WAldir.jpg 940w\" sizes=\"auto, (max-width: 500px) 100vw, 500px\" \/><\/a><\/p>\n<p class=\"bodytext\">O ex-governador e ex-vereador\u00a0Waldir Pires, 91 anos, morreu na manh\u00e3 desta sexta-feira (22) por volta das 10h no Hospital da Bahia, em Salvador. Ele\u00a0deu entrada na noite de\u00a0quinta-feira (21) na unidade hospitalar, na Pituba, com quadro de pneumonia. &#8220;O\u00a0paciente teve parada cardiorrespirat\u00f3ria, n\u00e3o respondendo \u00e0s manobras de reanima\u00e7\u00e3o e veio a \u00f3bito&#8221;, informou o hospital, em nota.<\/p>\n<p class=\"bodytext\">Natural de Acajutiba, na Bahia, Francisco Waldir Pires de Souza foi governador da Bahia entre 15 de mar\u00e7o de 1987 e 14 de maio de 1989.\u00a0Foi eleito deputado federal em dois per\u00edodos: de 1\u00ba de janeiro de 1990 at\u00e9 1\u00ba de janeiro de 1994 e de 1\u00ba de janeiro de 1999 at\u00e9 1\u00ba de janeiro de 2003.<\/p>\n<p class=\"bodytext\">Entre 31 de mar\u00e7o de 2006 e \u00a025 de junho de 2007 foi Ministro da Defesa.\u00a0Seu \u00faltimo cargo p\u00fablico foi\u00a0como vereador de Salvador entre 1\u00ba de fevereiro de 2013 at\u00e9 31 de dezembro de 2016.<\/p>\n<p class=\"bodytext\"><strong>Biografia<\/strong><\/p>\n<p class=\"bodytext\">Na\u00a0quinta-feira (14), amigos, admiradores e familares se reuniram, no Pal\u00e1cio Rio Branco, para o lan\u00e7amento do livro Waldir Pires \u2013 \u00a0Biografia \u00a0(vol.1), escrito pelo jornalista e escritor Emiliano Jos\u00e9, amigo h\u00e1 quatro d\u00e9cadas de Waldir, que completaria 92 anos em outubro.<\/p>\n<p class=\"bodytext\">O livro refaz a trajet\u00f3ria do pol\u00edtico, de 1926, quando Waldir nasceu, na localidade de Cajueiro \u2013 mais tarde Acajutiba, filho de Jos\u00e9 Pires de Sousa e de Luc\u00edola Figueiredo Pires de Sousa, at\u00e9 o ano de 1978, quando ele retoma os seus direitos pol\u00edticos ap\u00f3s o fim do Ato Institucional n\u00ba 5 (AI-5).<\/p>\n<p class=\"bodytext\">O primeiro volume da biografia destaca a forma\u00e7\u00e3o intelectual e acad\u00eamica de Waldir, que viveu a inf\u00e2ncia e adolesc\u00eancia na cidade de Amargosa, onde estudou as primeiras s\u00e9ries. Fez o gin\u00e1sio no Clemente Caldas, em Nazar\u00e9 das Farinhas, e o Cl\u00e1ssico, no Col\u00e9gio Central, em Salvador.<\/p>\n<p class=\"bodytext\"><strong>Acad\u00eamico<\/strong><br \/>\nAl\u00e9m das fun\u00e7\u00f5es pol\u00edticas, Waldir foi coordenador dos Cursos Jur\u00eddicos da Universidade de Bras\u00edlia (UnB), onde tamb\u00e9m ensinou Direito Constitucional. Em 1950, aos 24 anos, ocupou o cargo de secret\u00e1rio de Estado da Bahia durante o governo de Lu\u00eds R\u00e9gis Pacheco Pereira. No mesmo ano, casou-se com Yolanda Avena Pires, falecida em 2005. Foi eleito deputado estadual em 1954, e deputado federal em 1958, quando atuou como vice-l\u00edder do governo Juscelino Kubitschek.<\/p>\n<p class=\"bodytext\">No ano de 1963, foi escolhido pelo governo Jo\u00e3o Goulart para o cargo de consultor-geral da Rep\u00fablica. Em 1970, ap\u00f3s seis anos no ex\u00edlio, decidiu retornar ao Brasil.\u00a0Ao retornar ao pa\u00eds, impedido de exercer atividade pol\u00edtica, foi perseguido e teve dificuldades para se empregar novamente. Nesse per\u00edodo, dedicou-se ao trabalho \u00e0 frente de uma pedreira. At\u00e9 que em 1978, com o fim do AI-5, recupera os seus direitos pol\u00edticos.<\/p>\n<p class=\"bodytext\">Dos anos de 1978 at\u00e9 o presente, a\u00a0sequ\u00eancia da hist\u00f3ria,\u00a0ser\u00e1 contada no segundo volume do livro do jornalista\u00a0&#8211; que est\u00e1 em fase de revis\u00e3o e com previs\u00e3o de ser lan\u00e7ado ainda neste ano. O\u00a0foco ser\u00e1 a carreira pol\u00edtica, que inclui a elei\u00e7\u00e3o ao governo do Estado da Bahia, em 1986, e os novos mandatos como deputado federal nas elei\u00e7\u00f5es de 1990 e 1998. No governo de Lu\u00eds In\u00e1cio Lula da Silva, exerceu o cargo de ministro de Estado do Controle e da Transpar\u00eancia da Controladoria-Geral da Uni\u00e3o, em 2003, e Ministro da Defesa, em 2006. \/\/<em>Correio<\/em><\/p>\n","protected":false},"excerpt":{"rendered":"<p>O ex-governador e ex-vereador\u00a0Waldir Pires, 91 anos, morreu na manh\u00e3 desta sexta-feira (22) por volta das 10h no Hospital da Bahia, em Salvador. Ele\u00a0deu entrada na noite de\u00a0quinta-feira (21) na unidade hospitalar, na Pituba, com quadro de pneumonia. &#8220;O\u00a0paciente teve parada cardiorrespirat\u00f3ria, n\u00e3o respondendo \u00e0s manobras de reanima\u00e7\u00e3o e veio a \u00f3bito&#8221;, informou o hospital, [&hellip;]<\/p>\n","protected":false},"author":2,"featured_media":72954,"comment_status":"open","ping_status":"open","sticky":false,"template":"","format":"standard","meta":{"footnotes":"","_links_to":"","_links_to_target":""},"categories":[1],"tags":[],"class_list":["post-72953","post","type-post","status-publish","format-standard","has-post-thumbnail","hentry","category-geral"],"views":1177,"_links":{"self":[{"href":"https:\/\/www.sudoestehoje.com.br\/novoportal\/wp-json\/wp\/v2\/posts\/72953","targetHints":{"allow":["GET"]}}],"collection":[{"href":"https:\/\/www.sudoestehoje.com.br\/novoportal\/wp-json\/wp\/v2\/posts"}],"about":[{"href":"https:\/\/www.sudoestehoje.com.br\/novoportal\/wp-json\/wp\/v2\/types\/post"}],"author":[{"embeddable":true,"href":"https:\/\/www.sudoestehoje.com.br\/novoportal\/wp-json\/wp\/v2\/users\/2"}],"replies":[{"embeddable":true,"href":"https:\/\/www.sudoestehoje.com.br\/novoportal\/wp-json\/wp\/v2\/comments?post=72953"}],"version-history":[{"count":3,"href":"https:\/\/www.sudoestehoje.com.br\/novoportal\/wp-json\/wp\/v2\/posts\/72953\/revisions"}],"predecessor-version":[{"id":72957,"href":"https:\/\/www.sudoestehoje.com.br\/novoportal\/wp-json\/wp\/v2\/posts\/72953\/revisions\/72957"}],"wp:featuredmedia":[{"embeddable":true,"href":"https:\/\/www.sudoestehoje.com.br\/novoportal\/wp-json\/wp\/v2\/media\/72954"}],"wp:attachment":[{"href":"https:\/\/www.sudoestehoje.com.br\/novoportal\/wp-json\/wp\/v2\/media?parent=72953"}],"wp:term":[{"taxonomy":"category","embeddable":true,"href":"https:\/\/www.sudoestehoje.com.br\/novoportal\/wp-json\/wp\/v2\/categories?post=72953"},{"taxonomy":"post_tag","embeddable":true,"href":"https:\/\/www.sudoestehoje.com.br\/novoportal\/wp-json\/wp\/v2\/tags?post=72953"}],"curies":[{"name":"wp","href":"https:\/\/api.w.org\/{rel}","templated":true}]}}