
{"id":72939,"date":"2018-06-21T13:46:43","date_gmt":"2018-06-21T16:46:43","guid":{"rendered":"http:\/\/www.sudoestehoje.com.br\/novoportal\/?p=72939"},"modified":"2018-06-21T13:46:43","modified_gmt":"2018-06-21T16:46:43","slug":"comeca-nesta-sexta-feira-o-sao-joao-do-amor-em-teixeira-de-freitas","status":"publish","type":"post","link":"https:\/\/www.sudoestehoje.com.br\/novoportal\/2018\/06\/21\/comeca-nesta-sexta-feira-o-sao-joao-do-amor-em-teixeira-de-freitas\/","title":{"rendered":"COME\u00c7A NESTA SEXTA-FEIRA O &#8216;S\u00c3O JO\u00c3O DO AMOR&#8217; EM TEIXEIRA DE FREITAS"},"content":{"rendered":"<p><a href=\"http:\/\/www.sudoestehoje.com.br\/novoportal\/wp-content\/uploads\/2018\/06\/TEIX-1.jpeg\"><img loading=\"lazy\" decoding=\"async\" class=\"aligncenter size-medium wp-image-72941\" src=\"http:\/\/www.sudoestehoje.com.br\/novoportal\/wp-content\/uploads\/2018\/06\/TEIX-1-500x375.jpeg\" alt=\"\" width=\"500\" height=\"375\" srcset=\"https:\/\/www.sudoestehoje.com.br\/novoportal\/wp-content\/uploads\/2018\/06\/TEIX-1-500x375.jpeg 500w, https:\/\/www.sudoestehoje.com.br\/novoportal\/wp-content\/uploads\/2018\/06\/TEIX-1.jpeg 700w\" sizes=\"auto, (max-width: 500px) 100vw, 500px\" \/><\/a><\/p>\n<p>\u00c9 amanh\u00e3 o grande dia! Teixeira e regi\u00e3o v\u00e3o se aquecer dan\u00e7ando um gostoso arrasta-p\u00e9 no S\u00e3o Jo\u00e3o do Amor. O arrai\u00e1 j\u00e1 est\u00e1 montado no Parque de Exposi\u00e7\u00f5es com tudo que se tem direito \u2013 bandeirolas, barracas e muitas cores \u2013 para receber muita gente bonita, interessadas em forrozear at\u00e9 o dia amanhecer, beber licor e comer muitas del\u00edcias t\u00edpicas da \u00e9poca.<\/p>\n<p>O S\u00e3o Jo\u00e3o do Amor promete entrar para o calend\u00e1rio de eventos tur\u00edsticos do Estado, porque a proposta da administra\u00e7\u00e3o \u00e9 que ele seja o melhor da Bahia. E o Governo do Estado acredita nisso, tanto que, por meio da Superintend\u00eancia de Fomento ao Turismo (Bahiatursa), escolheu Teixeira dentre as mais de 160 cidades distribu\u00eddas por diferentes zonas para receber o apoio do governo estadual na realiza\u00e7\u00e3o dos festejos juninos.<\/p>\n<p><a href=\"http:\/\/www.sudoestehoje.com.br\/novoportal\/wp-content\/uploads\/2018\/06\/TEIX-2.jpeg\"><img loading=\"lazy\" decoding=\"async\" class=\"aligncenter size-medium wp-image-72942\" src=\"http:\/\/www.sudoestehoje.com.br\/novoportal\/wp-content\/uploads\/2018\/06\/TEIX-2-500x375.jpeg\" alt=\"\" width=\"500\" height=\"375\" srcset=\"https:\/\/www.sudoestehoje.com.br\/novoportal\/wp-content\/uploads\/2018\/06\/TEIX-2-500x375.jpeg 500w, https:\/\/www.sudoestehoje.com.br\/novoportal\/wp-content\/uploads\/2018\/06\/TEIX-2.jpeg 700w\" sizes=\"auto, (max-width: 500px) 100vw, 500px\" \/><\/a><\/p>\n<p>Al\u00e9m disso, o prefeito Tem\u00f3teo Brito buscou apoio do empresariado, tudo porque Teixeira \u00e9 forte no turismo de eventos e de neg\u00f3cios, e apostar nisso \u00e9 fomentar o desenvolvimento econ\u00f4mico no munic\u00edpio e aquecer a economia local. E por falar em empresariado, o Centro \u201cest\u00e1 bonito que s\u00f3\u201d. Ruas enfeitadas com bandeirolas, muitas lojas ornamentadas, a cidade no mesmo clima. Isso porque dentre as atra\u00e7\u00f5es que fazem parte destes oito dias de festa est\u00e1 o concurso de loja mais ornamentada. As escolas tamb\u00e9m est\u00e3o na mesma sintonia, promovendo arrai\u00e1s e concursos, pois, segundo o secret\u00e1rio de Educa\u00e7\u00e3o e Cultura, Hermon Freitas, este momento promove a intera\u00e7\u00e3o entre os alunos e a comunidade, sendo de suma import\u00e2ncia. A diretoria de Cultura est\u00e1 trabalhando a todo vapor para promover durante os dias de festa atividades t\u00edpicas de S\u00e3o Jo\u00e3o e garantir que a festa seja, de fato, o resgate da cultura nordestina.<a href=\"http:\/\/www.sudoestehoje.com.br\/novoportal\/wp-content\/uploads\/2018\/06\/TEIX-3.jpeg\"><img loading=\"lazy\" decoding=\"async\" class=\"aligncenter size-medium wp-image-72943\" src=\"http:\/\/www.sudoestehoje.com.br\/novoportal\/wp-content\/uploads\/2018\/06\/TEIX-3-500x375.jpeg\" alt=\"\" width=\"500\" height=\"375\" srcset=\"https:\/\/www.sudoestehoje.com.br\/novoportal\/wp-content\/uploads\/2018\/06\/TEIX-3-500x375.jpeg 500w, https:\/\/www.sudoestehoje.com.br\/novoportal\/wp-content\/uploads\/2018\/06\/TEIX-3.jpeg 700w\" sizes=\"auto, (max-width: 500px) 100vw, 500px\" \/><\/a><\/p>\n<p>O S\u00e3o Jo\u00e3o do Amor come\u00e7a nesta sexta-feira, 22 de junho, com a banda <strong>Cavaleiros do Forr\u00f3<\/strong>, mas, tamb\u00e9m se apresentar\u00e3o no munic\u00edpio o<strong> Pe. Alessandeo Campos (dia 23), Trio Forroz\u00e3o (dia 24), Doro Brasamundo (dia 25), Daniel Vieira (26), Arriba Saia (dia 27), Solange Almeida (dia 28), Amado Batista (dia 29) e Edu &amp; Maraial e Casaca de Couro (dia 30)<\/strong>. \/\/<em> Dilvan Coelho &#8211; Foco no Poder<\/em><\/p>\n","protected":false},"excerpt":{"rendered":"<p>\u00c9 amanh\u00e3 o grande dia! Teixeira e regi\u00e3o v\u00e3o se aquecer dan\u00e7ando um gostoso arrasta-p\u00e9 no S\u00e3o Jo\u00e3o do Amor. O arrai\u00e1 j\u00e1 est\u00e1 montado no Parque de Exposi\u00e7\u00f5es com tudo que se tem direito \u2013 bandeirolas, barracas e muitas cores \u2013 para receber muita gente bonita, interessadas em forrozear at\u00e9 o dia amanhecer, beber [&hellip;]<\/p>\n","protected":false},"author":2,"featured_media":72941,"comment_status":"open","ping_status":"open","sticky":false,"template":"","format":"standard","meta":{"footnotes":"","_links_to":"","_links_to_target":""},"categories":[1],"tags":[],"class_list":["post-72939","post","type-post","status-publish","format-standard","has-post-thumbnail","hentry","category-geral"],"views":1483,"_links":{"self":[{"href":"https:\/\/www.sudoestehoje.com.br\/novoportal\/wp-json\/wp\/v2\/posts\/72939","targetHints":{"allow":["GET"]}}],"collection":[{"href":"https:\/\/www.sudoestehoje.com.br\/novoportal\/wp-json\/wp\/v2\/posts"}],"about":[{"href":"https:\/\/www.sudoestehoje.com.br\/novoportal\/wp-json\/wp\/v2\/types\/post"}],"author":[{"embeddable":true,"href":"https:\/\/www.sudoestehoje.com.br\/novoportal\/wp-json\/wp\/v2\/users\/2"}],"replies":[{"embeddable":true,"href":"https:\/\/www.sudoestehoje.com.br\/novoportal\/wp-json\/wp\/v2\/comments?post=72939"}],"version-history":[{"count":2,"href":"https:\/\/www.sudoestehoje.com.br\/novoportal\/wp-json\/wp\/v2\/posts\/72939\/revisions"}],"predecessor-version":[{"id":72944,"href":"https:\/\/www.sudoestehoje.com.br\/novoportal\/wp-json\/wp\/v2\/posts\/72939\/revisions\/72944"}],"wp:featuredmedia":[{"embeddable":true,"href":"https:\/\/www.sudoestehoje.com.br\/novoportal\/wp-json\/wp\/v2\/media\/72941"}],"wp:attachment":[{"href":"https:\/\/www.sudoestehoje.com.br\/novoportal\/wp-json\/wp\/v2\/media?parent=72939"}],"wp:term":[{"taxonomy":"category","embeddable":true,"href":"https:\/\/www.sudoestehoje.com.br\/novoportal\/wp-json\/wp\/v2\/categories?post=72939"},{"taxonomy":"post_tag","embeddable":true,"href":"https:\/\/www.sudoestehoje.com.br\/novoportal\/wp-json\/wp\/v2\/tags?post=72939"}],"curies":[{"name":"wp","href":"https:\/\/api.w.org\/{rel}","templated":true}]}}