
{"id":72933,"date":"2018-06-21T13:26:00","date_gmt":"2018-06-21T16:26:00","guid":{"rendered":"http:\/\/www.sudoestehoje.com.br\/novoportal\/?p=72933"},"modified":"2018-06-21T13:26:00","modified_gmt":"2018-06-21T16:26:00","slug":"deputado-sandro-regis-confirma-presenca-no-sao-joao-de-itapetinga","status":"publish","type":"post","link":"https:\/\/www.sudoestehoje.com.br\/novoportal\/2018\/06\/21\/deputado-sandro-regis-confirma-presenca-no-sao-joao-de-itapetinga\/","title":{"rendered":"DEPUTADO SANDRO R\u00c9GIS CONFIRMA PRESEN\u00c7A NO S\u00c3O JO\u00c3O DE ITAPETINGA"},"content":{"rendered":"<p><a href=\"http:\/\/www.sudoestehoje.com.br\/novoportal\/wp-content\/uploads\/2018\/06\/sandro-2.jpg\"><img loading=\"lazy\" decoding=\"async\" class=\"aligncenter  wp-image-72936\" src=\"http:\/\/www.sudoestehoje.com.br\/novoportal\/wp-content\/uploads\/2018\/06\/sandro-2-500x375.jpg\" alt=\"\" width=\"500\" height=\"375\" srcset=\"https:\/\/www.sudoestehoje.com.br\/novoportal\/wp-content\/uploads\/2018\/06\/sandro-2-500x375.jpg 500w, https:\/\/www.sudoestehoje.com.br\/novoportal\/wp-content\/uploads\/2018\/06\/sandro-2.jpg 600w\" sizes=\"auto, (max-width: 500px) 100vw, 500px\" \/><\/a><\/p>\n<p>Em contato com a reda\u00e7\u00e3o do <em>Sudoeste Hoje<\/em>, a assessoria do deputado estadual Sandro R\u00e9gis (DEM) confirmou a sua presen\u00e7a na festa de S\u00e3o Jo\u00e3o de Itapetinga, no segundo dia do evento, nesta sexta-feira (22).<\/p>\n<p>Al\u00e9m de percorrer o circuito do forr\u00f3, no Parque Poliesportivo da Lagoa, Sandro dever\u00e1 se reunir com a sua base de apoio no munic\u00edpio, para tra\u00e7ar estrat\u00e9gias de campanha com vista \u00e0s elei\u00e7\u00f5es de outubro.<\/p>\n<p>Em Itapetinga, Sandro R\u00e9gis conta com o apoio oficial do Democratas, partido dirigido pelo ex-prefeito Jos\u00e9 Ot\u00e1vio e pelo vice-prefeito Renan Pereira.<\/p>\n<p>Destacam-se na base do deputado Sandro R\u00e9gis, no munic\u00edpio, os atuantes vereadores Naara Duarte, Fabiano Bahia e Anderson da Nova, todos do DEM.<\/p>\n<p><em><strong>Reda\u00e7\u00e3o<\/strong><\/em><\/p>\n<p><a href=\"http:\/\/www.sudoestehoje.com.br\/novoportal\/wp-content\/uploads\/2018\/06\/sandro.jpg\"><img loading=\"lazy\" decoding=\"async\" class=\"aligncenter size-medium wp-image-72934\" src=\"http:\/\/www.sudoestehoje.com.br\/novoportal\/wp-content\/uploads\/2018\/06\/sandro-500x500.jpg\" alt=\"\" width=\"500\" height=\"500\" srcset=\"https:\/\/www.sudoestehoje.com.br\/novoportal\/wp-content\/uploads\/2018\/06\/sandro-500x500.jpg 500w, https:\/\/www.sudoestehoje.com.br\/novoportal\/wp-content\/uploads\/2018\/06\/sandro-150x150.jpg 150w, https:\/\/www.sudoestehoje.com.br\/novoportal\/wp-content\/uploads\/2018\/06\/sandro-768x768.jpg 768w, https:\/\/www.sudoestehoje.com.br\/novoportal\/wp-content\/uploads\/2018\/06\/sandro-700x700.jpg 700w, https:\/\/www.sudoestehoje.com.br\/novoportal\/wp-content\/uploads\/2018\/06\/sandro.jpg 800w\" sizes=\"auto, (max-width: 500px) 100vw, 500px\" \/><\/a><\/p>\n","protected":false},"excerpt":{"rendered":"<p>Em contato com a reda\u00e7\u00e3o do Sudoeste Hoje, a assessoria do deputado estadual Sandro R\u00e9gis (DEM) confirmou a sua presen\u00e7a na festa de S\u00e3o Jo\u00e3o de Itapetinga, no segundo dia do evento, nesta sexta-feira (22). Al\u00e9m de percorrer o circuito do forr\u00f3, no Parque Poliesportivo da Lagoa, Sandro dever\u00e1 se reunir com a sua base [&hellip;]<\/p>\n","protected":false},"author":2,"featured_media":72936,"comment_status":"open","ping_status":"open","sticky":false,"template":"","format":"standard","meta":{"footnotes":"","_links_to":"","_links_to_target":""},"categories":[1],"tags":[],"class_list":["post-72933","post","type-post","status-publish","format-standard","has-post-thumbnail","hentry","category-geral"],"views":1148,"_links":{"self":[{"href":"https:\/\/www.sudoestehoje.com.br\/novoportal\/wp-json\/wp\/v2\/posts\/72933","targetHints":{"allow":["GET"]}}],"collection":[{"href":"https:\/\/www.sudoestehoje.com.br\/novoportal\/wp-json\/wp\/v2\/posts"}],"about":[{"href":"https:\/\/www.sudoestehoje.com.br\/novoportal\/wp-json\/wp\/v2\/types\/post"}],"author":[{"embeddable":true,"href":"https:\/\/www.sudoestehoje.com.br\/novoportal\/wp-json\/wp\/v2\/users\/2"}],"replies":[{"embeddable":true,"href":"https:\/\/www.sudoestehoje.com.br\/novoportal\/wp-json\/wp\/v2\/comments?post=72933"}],"version-history":[{"count":2,"href":"https:\/\/www.sudoestehoje.com.br\/novoportal\/wp-json\/wp\/v2\/posts\/72933\/revisions"}],"predecessor-version":[{"id":72938,"href":"https:\/\/www.sudoestehoje.com.br\/novoportal\/wp-json\/wp\/v2\/posts\/72933\/revisions\/72938"}],"wp:featuredmedia":[{"embeddable":true,"href":"https:\/\/www.sudoestehoje.com.br\/novoportal\/wp-json\/wp\/v2\/media\/72936"}],"wp:attachment":[{"href":"https:\/\/www.sudoestehoje.com.br\/novoportal\/wp-json\/wp\/v2\/media?parent=72933"}],"wp:term":[{"taxonomy":"category","embeddable":true,"href":"https:\/\/www.sudoestehoje.com.br\/novoportal\/wp-json\/wp\/v2\/categories?post=72933"},{"taxonomy":"post_tag","embeddable":true,"href":"https:\/\/www.sudoestehoje.com.br\/novoportal\/wp-json\/wp\/v2\/tags?post=72933"}],"curies":[{"name":"wp","href":"https:\/\/api.w.org\/{rel}","templated":true}]}}