
{"id":72926,"date":"2018-06-20T20:42:47","date_gmt":"2018-06-20T23:42:47","guid":{"rendered":"http:\/\/www.sudoestehoje.com.br\/novoportal\/?p=72926"},"modified":"2018-06-20T20:42:47","modified_gmt":"2018-06-20T23:42:47","slug":"cresce-tensao-em-torno-da-segunda-vaga-do-senado-na-chapa-de-jose-ronaldo","status":"publish","type":"post","link":"https:\/\/www.sudoestehoje.com.br\/novoportal\/2018\/06\/20\/cresce-tensao-em-torno-da-segunda-vaga-do-senado-na-chapa-de-jose-ronaldo\/","title":{"rendered":"CRESCE TENS\u00c3O EM TORNO DA SEGUNDA VAGA DO SENADO NA CHAPA DE JOS\u00c9 RONALDO"},"content":{"rendered":"<p><a href=\"http:\/\/www.sudoestehoje.com.br\/novoportal\/wp-content\/uploads\/2018\/06\/Deputados-federais-Ant\u00f4nio-L\u00e1zaro-Irm\u00e3o-L\u00e1zaro-PSC-BA-e-Jutahy-Magalh\u00e3es-J\u00fanior-PSDB-BA.jpg\"><img loading=\"lazy\" decoding=\"async\" class=\"aligncenter size-medium wp-image-72927\" src=\"http:\/\/www.sudoestehoje.com.br\/novoportal\/wp-content\/uploads\/2018\/06\/Deputados-federais-Ant\u00f4nio-L\u00e1zaro-Irm\u00e3o-L\u00e1zaro-PSC-BA-e-Jutahy-Magalh\u00e3es-J\u00fanior-PSDB-BA-500x333.jpg\" alt=\"\" width=\"500\" height=\"333\" srcset=\"https:\/\/www.sudoestehoje.com.br\/novoportal\/wp-content\/uploads\/2018\/06\/Deputados-federais-Ant\u00f4nio-L\u00e1zaro-Irm\u00e3o-L\u00e1zaro-PSC-BA-e-Jutahy-Magalh\u00e3es-J\u00fanior-PSDB-BA-500x333.jpg 500w, https:\/\/www.sudoestehoje.com.br\/novoportal\/wp-content\/uploads\/2018\/06\/Deputados-federais-Ant\u00f4nio-L\u00e1zaro-Irm\u00e3o-L\u00e1zaro-PSC-BA-e-Jutahy-Magalh\u00e3es-J\u00fanior-PSDB-BA-768x512.jpg 768w, https:\/\/www.sudoestehoje.com.br\/novoportal\/wp-content\/uploads\/2018\/06\/Deputados-federais-Ant\u00f4nio-L\u00e1zaro-Irm\u00e3o-L\u00e1zaro-PSC-BA-e-Jutahy-Magalh\u00e3es-J\u00fanior-PSDB-BA-700x467.jpg 700w\" sizes=\"auto, (max-width: 500px) 100vw, 500px\" \/><\/a><\/p>\n<p>A tens\u00e3o em torno da segunda vaga do Senado na tropa do DEM t\u00eam crescido, conforme afirma a coluna Sat\u00e9lite do Correio* Online, assinada por Jairo Costa Jr com Luan Santos.<\/p>\n<p>Nesta ter\u00e7a-feira (19), segundo a publica\u00e7\u00e3o, o deputado federal Jutahy J\u00fanior (PSDB) elevou o tom com aliados e recusou de vez a dobradinha com o deputado federal Irm\u00e3o L\u00e1zaro (PSC), que revelou \u00e0 imprensa a resist\u00eancia do tucano ao seu nome.<\/p>\n<p>Para caciques da oposi\u00e7\u00e3o, dificilmente haver\u00e1 consenso. Ainda est\u00e1 imposs\u00edvel prever o desfecho dessa \u2018queda de bra\u00e7o\u2019.<\/p>\n","protected":false},"excerpt":{"rendered":"<p>A tens\u00e3o em torno da segunda vaga do Senado na tropa do DEM t\u00eam crescido, conforme afirma a coluna Sat\u00e9lite do Correio* Online, assinada por Jairo Costa Jr com Luan Santos. Nesta ter\u00e7a-feira (19), segundo a publica\u00e7\u00e3o, o deputado federal Jutahy J\u00fanior (PSDB) elevou o tom com aliados e recusou de vez a dobradinha com [&hellip;]<\/p>\n","protected":false},"author":2,"featured_media":72927,"comment_status":"open","ping_status":"open","sticky":false,"template":"","format":"standard","meta":{"footnotes":"","_links_to":"","_links_to_target":""},"categories":[1],"tags":[],"class_list":["post-72926","post","type-post","status-publish","format-standard","has-post-thumbnail","hentry","category-geral"],"views":970,"_links":{"self":[{"href":"https:\/\/www.sudoestehoje.com.br\/novoportal\/wp-json\/wp\/v2\/posts\/72926","targetHints":{"allow":["GET"]}}],"collection":[{"href":"https:\/\/www.sudoestehoje.com.br\/novoportal\/wp-json\/wp\/v2\/posts"}],"about":[{"href":"https:\/\/www.sudoestehoje.com.br\/novoportal\/wp-json\/wp\/v2\/types\/post"}],"author":[{"embeddable":true,"href":"https:\/\/www.sudoestehoje.com.br\/novoportal\/wp-json\/wp\/v2\/users\/2"}],"replies":[{"embeddable":true,"href":"https:\/\/www.sudoestehoje.com.br\/novoportal\/wp-json\/wp\/v2\/comments?post=72926"}],"version-history":[{"count":1,"href":"https:\/\/www.sudoestehoje.com.br\/novoportal\/wp-json\/wp\/v2\/posts\/72926\/revisions"}],"predecessor-version":[{"id":72928,"href":"https:\/\/www.sudoestehoje.com.br\/novoportal\/wp-json\/wp\/v2\/posts\/72926\/revisions\/72928"}],"wp:featuredmedia":[{"embeddable":true,"href":"https:\/\/www.sudoestehoje.com.br\/novoportal\/wp-json\/wp\/v2\/media\/72927"}],"wp:attachment":[{"href":"https:\/\/www.sudoestehoje.com.br\/novoportal\/wp-json\/wp\/v2\/media?parent=72926"}],"wp:term":[{"taxonomy":"category","embeddable":true,"href":"https:\/\/www.sudoestehoje.com.br\/novoportal\/wp-json\/wp\/v2\/categories?post=72926"},{"taxonomy":"post_tag","embeddable":true,"href":"https:\/\/www.sudoestehoje.com.br\/novoportal\/wp-json\/wp\/v2\/tags?post=72926"}],"curies":[{"name":"wp","href":"https:\/\/api.w.org\/{rel}","templated":true}]}}