
{"id":72915,"date":"2018-06-19T23:36:13","date_gmt":"2018-06-20T02:36:13","guid":{"rendered":"http:\/\/www.sudoestehoje.com.br\/novoportal\/?p=72915"},"modified":"2018-06-19T23:36:13","modified_gmt":"2018-06-20T02:36:13","slug":"itapetinga-prefeito-rodrigo-participa-do-lancamento-da-nova-sede-da-oab","status":"publish","type":"post","link":"https:\/\/www.sudoestehoje.com.br\/novoportal\/2018\/06\/19\/itapetinga-prefeito-rodrigo-participa-do-lancamento-da-nova-sede-da-oab\/","title":{"rendered":"ITAPETINGA: PREFEITO RODRIGO PARTICIPA DO LAN\u00c7AMENTO DA NOVA SEDE DA OAB"},"content":{"rendered":"<p><a href=\"http:\/\/www.sudoestehoje.com.br\/novoportal\/wp-content\/uploads\/2018\/06\/OAB-1.jpg\"><img loading=\"lazy\" decoding=\"async\" class=\"aligncenter size-medium wp-image-72916\" src=\"http:\/\/www.sudoestehoje.com.br\/novoportal\/wp-content\/uploads\/2018\/06\/OAB-1-500x331.jpg\" alt=\"\" width=\"500\" height=\"331\" srcset=\"https:\/\/www.sudoestehoje.com.br\/novoportal\/wp-content\/uploads\/2018\/06\/OAB-1-500x331.jpg 500w, https:\/\/www.sudoestehoje.com.br\/novoportal\/wp-content\/uploads\/2018\/06\/OAB-1-768x508.jpg 768w, https:\/\/www.sudoestehoje.com.br\/novoportal\/wp-content\/uploads\/2018\/06\/OAB-1-700x463.jpg 700w, https:\/\/www.sudoestehoje.com.br\/novoportal\/wp-content\/uploads\/2018\/06\/OAB-1.jpg 960w\" sizes=\"auto, (max-width: 500px) 100vw, 500px\" \/><\/a><\/p>\n<p>O prefeito Rodrigo Hage participou, na manh\u00e3 desta ter\u00e7a-feira, 19, do lan\u00e7amento da pedra fundamental da sede da OAB\/Subse\u00e7\u00e3o de Itapetinga.\u00a0Na oportunidade, o prefeito falou da sua satisfa\u00e7\u00e3o em, ao ceder o terreno municipal, realizar um sonho de mais de 30 anos. Rodrigo Hagge parabenizou o presidente da OAB\/Itapetinga, Fabr\u00edcio Moreira, por desenvolver \u00e0 frente da classe, um trabalho competente e cheio de vontade.<\/p>\n<p>O prefeito ressaltou ainda a import\u00e2ncia daquela obra: &#8220;N\u00f3s ganhamos com os equipamentos p\u00fablicos, preenchendo espa\u00e7os e mudando a cara da cidade&#8221;, falou Hagge.<\/p>\n<p><a href=\"http:\/\/www.sudoestehoje.com.br\/novoportal\/wp-content\/uploads\/2018\/06\/OAB-2.jpg\"><img loading=\"lazy\" decoding=\"async\" class=\"aligncenter size-medium wp-image-72917\" src=\"http:\/\/www.sudoestehoje.com.br\/novoportal\/wp-content\/uploads\/2018\/06\/OAB-2-500x331.jpg\" alt=\"\" width=\"500\" height=\"331\" srcset=\"https:\/\/www.sudoestehoje.com.br\/novoportal\/wp-content\/uploads\/2018\/06\/OAB-2-500x331.jpg 500w, https:\/\/www.sudoestehoje.com.br\/novoportal\/wp-content\/uploads\/2018\/06\/OAB-2-768x508.jpg 768w, https:\/\/www.sudoestehoje.com.br\/novoportal\/wp-content\/uploads\/2018\/06\/OAB-2-700x463.jpg 700w, https:\/\/www.sudoestehoje.com.br\/novoportal\/wp-content\/uploads\/2018\/06\/OAB-2.jpg 960w\" sizes=\"auto, (max-width: 500px) 100vw, 500px\" \/><\/a><\/p>\n<p>O presidente da OAB\/Bahia, Luiz Viana, tamb\u00e9m falou sobre a import\u00e2ncia da nova sede que ser\u00e1 constru\u00edda. &#8220;Vamos come\u00e7ar a erguer a casa das liberdades. A OAB \u00e9 uma institui\u00e7\u00e3o muito grande, \u00e9 a voz constitucional da popula\u00e7\u00e3o&#8221;, ressaltou Luiz Viana agradecendo e parabenizando o prefeito pela sensibilidade de perceber a import\u00e2ncia daquela constru\u00e7\u00e3o.<\/p>\n<p>A sede da OAB em Itapetinga, como afirmou Fabr\u00edcio Moreira, vai fazer reverberar o nome da cidade por toda a Bahia. As obras j\u00e1 se iniciaram na tarde desta ter\u00e7a, na Av. Rivad\u00e1via Ferraz. A previs\u00e3o de conclus\u00e3o \u00e9 para os pr\u00f3ximos 6 meses. \/\/<em>Ascom Prefeitura<\/em><\/p>\n","protected":false},"excerpt":{"rendered":"<p>O prefeito Rodrigo Hage participou, na manh\u00e3 desta ter\u00e7a-feira, 19, do lan\u00e7amento da pedra fundamental da sede da OAB\/Subse\u00e7\u00e3o de Itapetinga.\u00a0Na oportunidade, o prefeito falou da sua satisfa\u00e7\u00e3o em, ao ceder o terreno municipal, realizar um sonho de mais de 30 anos. Rodrigo Hagge parabenizou o presidente da OAB\/Itapetinga, Fabr\u00edcio Moreira, por desenvolver \u00e0 frente [&hellip;]<\/p>\n","protected":false},"author":2,"featured_media":72916,"comment_status":"open","ping_status":"open","sticky":false,"template":"","format":"standard","meta":{"footnotes":"","_links_to":"","_links_to_target":""},"categories":[1],"tags":[],"class_list":["post-72915","post","type-post","status-publish","format-standard","has-post-thumbnail","hentry","category-geral"],"views":1336,"_links":{"self":[{"href":"https:\/\/www.sudoestehoje.com.br\/novoportal\/wp-json\/wp\/v2\/posts\/72915","targetHints":{"allow":["GET"]}}],"collection":[{"href":"https:\/\/www.sudoestehoje.com.br\/novoportal\/wp-json\/wp\/v2\/posts"}],"about":[{"href":"https:\/\/www.sudoestehoje.com.br\/novoportal\/wp-json\/wp\/v2\/types\/post"}],"author":[{"embeddable":true,"href":"https:\/\/www.sudoestehoje.com.br\/novoportal\/wp-json\/wp\/v2\/users\/2"}],"replies":[{"embeddable":true,"href":"https:\/\/www.sudoestehoje.com.br\/novoportal\/wp-json\/wp\/v2\/comments?post=72915"}],"version-history":[{"count":1,"href":"https:\/\/www.sudoestehoje.com.br\/novoportal\/wp-json\/wp\/v2\/posts\/72915\/revisions"}],"predecessor-version":[{"id":72919,"href":"https:\/\/www.sudoestehoje.com.br\/novoportal\/wp-json\/wp\/v2\/posts\/72915\/revisions\/72919"}],"wp:featuredmedia":[{"embeddable":true,"href":"https:\/\/www.sudoestehoje.com.br\/novoportal\/wp-json\/wp\/v2\/media\/72916"}],"wp:attachment":[{"href":"https:\/\/www.sudoestehoje.com.br\/novoportal\/wp-json\/wp\/v2\/media?parent=72915"}],"wp:term":[{"taxonomy":"category","embeddable":true,"href":"https:\/\/www.sudoestehoje.com.br\/novoportal\/wp-json\/wp\/v2\/categories?post=72915"},{"taxonomy":"post_tag","embeddable":true,"href":"https:\/\/www.sudoestehoje.com.br\/novoportal\/wp-json\/wp\/v2\/tags?post=72915"}],"curies":[{"name":"wp","href":"https:\/\/api.w.org\/{rel}","templated":true}]}}