
{"id":72908,"date":"2018-06-19T21:23:29","date_gmt":"2018-06-20T00:23:29","guid":{"rendered":"http:\/\/www.sudoestehoje.com.br\/novoportal\/?p=72908"},"modified":"2018-06-19T21:23:29","modified_gmt":"2018-06-20T00:23:29","slug":"saiba-quem-sao-os-deputados-baianos-que-pediram-abertura-de-cpi-contra-lava-jato","status":"publish","type":"post","link":"https:\/\/www.sudoestehoje.com.br\/novoportal\/2018\/06\/19\/saiba-quem-sao-os-deputados-baianos-que-pediram-abertura-de-cpi-contra-lava-jato\/","title":{"rendered":"SAIBA QUEM S\u00c3O OS DEPUTADOS BAIANOS QUE PEDIRAM ABERTURA DE CPI CONTRA LAVA JATO"},"content":{"rendered":"<p><a href=\"http:\/\/www.sudoestehoje.com.br\/novoportal\/wp-content\/uploads\/2018\/06\/deputados.jpg\"><img loading=\"lazy\" decoding=\"async\" class=\"aligncenter size-medium wp-image-72909\" src=\"http:\/\/www.sudoestehoje.com.br\/novoportal\/wp-content\/uploads\/2018\/06\/deputados-500x291.jpg\" alt=\"\" width=\"500\" height=\"291\" srcset=\"https:\/\/www.sudoestehoje.com.br\/novoportal\/wp-content\/uploads\/2018\/06\/deputados-500x291.jpg 500w, https:\/\/www.sudoestehoje.com.br\/novoportal\/wp-content\/uploads\/2018\/06\/deputados.jpg 550w\" sizes=\"auto, (max-width: 500px) 100vw, 500px\" \/><\/a><\/p>\n<p>V\u00e1rios deputados baianos est\u00e3o entre os parlamentares que assinaram um requerimento para a cria\u00e7\u00e3o de uma Comiss\u00e3o de Inqu\u00e9rito Parlamentar (CPI) para investigar a Opera\u00e7\u00e3o Lava Jato na C\u00e2mara dos Deputados.<\/p>\n<p>A lista, divulgada pela imprensa nesta semana, tinha 190 assinaturas \u2013 s\u00e3o necess\u00e1rias 171 para a abertura da CPI. Entre eles, est\u00e3o 17 baianos.<\/p>\n<p>Por conta da repercuss\u00e3o negativa, alguns parlamentares come\u00e7aram a retirar os nomes do requerimento. Um deles foi Jos\u00e9 Rocha (PR).<\/p>\n<p>Confira em ordem alfab\u00e9tica:<\/p>\n<p>Afonso Florence (PT)<br \/>\nAlice Portugal (PCdoB)<br \/>\nBacelar (Pode)<br \/>\nBebeto Galv\u00e3o (PCdoB)<br \/>\nCac\u00e1 Le\u00e3o (PP)<br \/>\nCaetano (PT)<br \/>\nDaniel Almeida (PCdoB)<br \/>\nElmar Nascimento (DEM)<br \/>\nF\u00e9lix Mendon\u00e7a (PDT)<br \/>\nFernando Torres (PSD)<br \/>\nJo\u00e3o Carlos Bacelar (PP)<br \/>\nJorge Solla (PT)<br \/>\nJos\u00e9 Nunes (PSD)<br \/>\nJos\u00e9 Rocha (PR)<br \/>\nL\u00facio Vieira Lima (MDB)<br \/>\nM\u00e1rio Negromonte Jr. (PP)<br \/>\nNelson Pelegrino (PT)<\/p>\n<p><strong><em>Varela Not\u00edcias<\/em><\/strong><\/p>\n","protected":false},"excerpt":{"rendered":"<p>V\u00e1rios deputados baianos est\u00e3o entre os parlamentares que assinaram um requerimento para a cria\u00e7\u00e3o de uma Comiss\u00e3o de Inqu\u00e9rito Parlamentar (CPI) para investigar a Opera\u00e7\u00e3o Lava Jato na C\u00e2mara dos Deputados. A lista, divulgada pela imprensa nesta semana, tinha 190 assinaturas \u2013 s\u00e3o necess\u00e1rias 171 para a abertura da CPI. Entre eles, est\u00e3o 17 baianos. [&hellip;]<\/p>\n","protected":false},"author":2,"featured_media":72909,"comment_status":"open","ping_status":"open","sticky":false,"template":"","format":"standard","meta":{"footnotes":"","_links_to":"","_links_to_target":""},"categories":[1],"tags":[],"class_list":["post-72908","post","type-post","status-publish","format-standard","has-post-thumbnail","hentry","category-geral"],"views":1249,"_links":{"self":[{"href":"https:\/\/www.sudoestehoje.com.br\/novoportal\/wp-json\/wp\/v2\/posts\/72908","targetHints":{"allow":["GET"]}}],"collection":[{"href":"https:\/\/www.sudoestehoje.com.br\/novoportal\/wp-json\/wp\/v2\/posts"}],"about":[{"href":"https:\/\/www.sudoestehoje.com.br\/novoportal\/wp-json\/wp\/v2\/types\/post"}],"author":[{"embeddable":true,"href":"https:\/\/www.sudoestehoje.com.br\/novoportal\/wp-json\/wp\/v2\/users\/2"}],"replies":[{"embeddable":true,"href":"https:\/\/www.sudoestehoje.com.br\/novoportal\/wp-json\/wp\/v2\/comments?post=72908"}],"version-history":[{"count":2,"href":"https:\/\/www.sudoestehoje.com.br\/novoportal\/wp-json\/wp\/v2\/posts\/72908\/revisions"}],"predecessor-version":[{"id":72911,"href":"https:\/\/www.sudoestehoje.com.br\/novoportal\/wp-json\/wp\/v2\/posts\/72908\/revisions\/72911"}],"wp:featuredmedia":[{"embeddable":true,"href":"https:\/\/www.sudoestehoje.com.br\/novoportal\/wp-json\/wp\/v2\/media\/72909"}],"wp:attachment":[{"href":"https:\/\/www.sudoestehoje.com.br\/novoportal\/wp-json\/wp\/v2\/media?parent=72908"}],"wp:term":[{"taxonomy":"category","embeddable":true,"href":"https:\/\/www.sudoestehoje.com.br\/novoportal\/wp-json\/wp\/v2\/categories?post=72908"},{"taxonomy":"post_tag","embeddable":true,"href":"https:\/\/www.sudoestehoje.com.br\/novoportal\/wp-json\/wp\/v2\/tags?post=72908"}],"curies":[{"name":"wp","href":"https:\/\/api.w.org\/{rel}","templated":true}]}}