
{"id":72903,"date":"2018-06-19T19:43:38","date_gmt":"2018-06-19T22:43:38","guid":{"rendered":"http:\/\/www.sudoestehoje.com.br\/novoportal\/?p=72903"},"modified":"2018-06-19T19:57:32","modified_gmt":"2018-06-19T22:57:32","slug":"a-base-humilhada-de-rui-costa","status":"publish","type":"post","link":"https:\/\/www.sudoestehoje.com.br\/novoportal\/2018\/06\/19\/a-base-humilhada-de-rui-costa\/","title":{"rendered":"A BASE HUMILHADA DE RUI COSTA"},"content":{"rendered":"<p><strong><em>OPINI\u00c3O<\/em><\/strong><\/p>\n<p><a href=\"http:\/\/www.sudoestehoje.com.br\/novoportal\/wp-content\/uploads\/2018\/06\/RUI-E-L\u00cdDICE.jpg\"><img loading=\"lazy\" decoding=\"async\" class=\"aligncenter size-medium wp-image-72904\" src=\"http:\/\/www.sudoestehoje.com.br\/novoportal\/wp-content\/uploads\/2018\/06\/RUI-E-L\u00cdDICE-500x281.jpg\" alt=\"\" width=\"500\" height=\"281\" srcset=\"https:\/\/www.sudoestehoje.com.br\/novoportal\/wp-content\/uploads\/2018\/06\/RUI-E-L\u00cdDICE-500x281.jpg 500w, https:\/\/www.sudoestehoje.com.br\/novoportal\/wp-content\/uploads\/2018\/06\/RUI-E-L\u00cdDICE-768x431.jpg 768w, https:\/\/www.sudoestehoje.com.br\/novoportal\/wp-content\/uploads\/2018\/06\/RUI-E-L\u00cdDICE-700x393.jpg 700w, https:\/\/www.sudoestehoje.com.br\/novoportal\/wp-content\/uploads\/2018\/06\/RUI-E-L\u00cdDICE.jpg 890w\" sizes=\"auto, (max-width: 500px) 100vw, 500px\" \/><\/a><\/p>\n<p>A crise entre o governador Rui Costa e sua base hist\u00f3rica, PSB e PCdoB, chegou ao auge neste final de semana, com o fechamento da chapa majorit\u00e1ria que deixa praticamente de fora os velhos companheiros do PT baiano.<\/p>\n<p>Na composi\u00e7\u00e3o acertada entre Rui e Otto, a senadora L\u00eddice da Mata (PSB) \u00e9 descartada, dando lugar ao deputado estadual \u00c2ngelo Coronel (PSD) na disputa ao senado. De consolo, L\u00eddice recebe apenas o &#8216;conselho&#8217; de disputar uma vaga na c\u00e2mara federal, uma humilha\u00e7\u00e3o inaceit\u00e1vel para uma pol\u00edtica com o curr\u00edculo e hist\u00f3ria de luta da socialista.<\/p>\n<p>Para os comunistas do PCdoB, restou apenas a possibilidade de uma vaga de suplente de senador para seu presidente Davidson Magalh\u00e3es, maior aliado hist\u00f3rico do PT e amigo de Rui. Sem representatividade, a tend\u00eancia do PCdoB baiano \u00e9 desaparecer do cen\u00e1rio pol\u00edtico, por &#8216;decreto&#8217; de Rui.<\/p>\n<p>Assim como o velho ACM, nos seus tempos de gl\u00f3ria, Rui comanda tudo com m\u00e3o de ferro, decidindo sozinho o destino pol\u00edtico dos seus fi\u00e9is e dependentes seguidores, no estilo cl\u00e1ssico dos coron\u00e9is da velha pol\u00edtica baiana. S\u00f3 que ACM n\u00e3o deixava seus aliados a ver navios.<\/p>\n<p>Otto \u00e9 outro que conhece bem esses velhos m\u00e9todos.<\/p>\n<p><strong><em>Por Davi Ferraz\u00a0\u00a0<\/em><\/strong><\/p>\n","protected":false},"excerpt":{"rendered":"<p>OPINI\u00c3O A crise entre o governador Rui Costa e sua base hist\u00f3rica, PSB e PCdoB, chegou ao auge neste final de semana, com o fechamento da chapa majorit\u00e1ria que deixa praticamente de fora os velhos companheiros do PT baiano. Na composi\u00e7\u00e3o acertada entre Rui e Otto, a senadora L\u00eddice da Mata (PSB) \u00e9 descartada, dando [&hellip;]<\/p>\n","protected":false},"author":2,"featured_media":72904,"comment_status":"open","ping_status":"open","sticky":false,"template":"","format":"standard","meta":{"footnotes":"","_links_to":"","_links_to_target":""},"categories":[1],"tags":[],"class_list":["post-72903","post","type-post","status-publish","format-standard","has-post-thumbnail","hentry","category-geral"],"views":1475,"_links":{"self":[{"href":"https:\/\/www.sudoestehoje.com.br\/novoportal\/wp-json\/wp\/v2\/posts\/72903","targetHints":{"allow":["GET"]}}],"collection":[{"href":"https:\/\/www.sudoestehoje.com.br\/novoportal\/wp-json\/wp\/v2\/posts"}],"about":[{"href":"https:\/\/www.sudoestehoje.com.br\/novoportal\/wp-json\/wp\/v2\/types\/post"}],"author":[{"embeddable":true,"href":"https:\/\/www.sudoestehoje.com.br\/novoportal\/wp-json\/wp\/v2\/users\/2"}],"replies":[{"embeddable":true,"href":"https:\/\/www.sudoestehoje.com.br\/novoportal\/wp-json\/wp\/v2\/comments?post=72903"}],"version-history":[{"count":3,"href":"https:\/\/www.sudoestehoje.com.br\/novoportal\/wp-json\/wp\/v2\/posts\/72903\/revisions"}],"predecessor-version":[{"id":72907,"href":"https:\/\/www.sudoestehoje.com.br\/novoportal\/wp-json\/wp\/v2\/posts\/72903\/revisions\/72907"}],"wp:featuredmedia":[{"embeddable":true,"href":"https:\/\/www.sudoestehoje.com.br\/novoportal\/wp-json\/wp\/v2\/media\/72904"}],"wp:attachment":[{"href":"https:\/\/www.sudoestehoje.com.br\/novoportal\/wp-json\/wp\/v2\/media?parent=72903"}],"wp:term":[{"taxonomy":"category","embeddable":true,"href":"https:\/\/www.sudoestehoje.com.br\/novoportal\/wp-json\/wp\/v2\/categories?post=72903"},{"taxonomy":"post_tag","embeddable":true,"href":"https:\/\/www.sudoestehoje.com.br\/novoportal\/wp-json\/wp\/v2\/tags?post=72903"}],"curies":[{"name":"wp","href":"https:\/\/api.w.org\/{rel}","templated":true}]}}