
{"id":72897,"date":"2018-06-19T19:02:40","date_gmt":"2018-06-19T22:02:40","guid":{"rendered":"http:\/\/www.sudoestehoje.com.br\/novoportal\/?p=72897"},"modified":"2018-06-19T19:02:40","modified_gmt":"2018-06-19T22:02:40","slug":"maiquinique-tj-libera-conta-poupanca-de-minininha-com-saldo-de-r-780-reais","status":"publish","type":"post","link":"https:\/\/www.sudoestehoje.com.br\/novoportal\/2018\/06\/19\/maiquinique-tj-libera-conta-poupanca-de-minininha-com-saldo-de-r-780-reais\/","title":{"rendered":"MAIQUINIQUE: TJ LIBERA CONTA POUPAN\u00c7A DE &#8216;MINININHA&#8217; COM SALDO DE R$ 780 REAIS"},"content":{"rendered":"<p><a href=\"http:\/\/www.sudoestehoje.com.br\/novoportal\/wp-content\/uploads\/2018\/06\/minininha.jpg\"><img loading=\"lazy\" decoding=\"async\" class=\"aligncenter size-medium wp-image-72900\" src=\"http:\/\/www.sudoestehoje.com.br\/novoportal\/wp-content\/uploads\/2018\/06\/minininha-500x250.jpg\" alt=\"\" width=\"500\" height=\"250\" srcset=\"https:\/\/www.sudoestehoje.com.br\/novoportal\/wp-content\/uploads\/2018\/06\/minininha-500x250.jpg 500w, https:\/\/www.sudoestehoje.com.br\/novoportal\/wp-content\/uploads\/2018\/06\/minininha.jpg 660w\" sizes=\"auto, (max-width: 500px) 100vw, 500px\" \/><\/a><\/p>\n<p>Desde que teve os seus bens bloqueados pela justi\u00e7a, a ex-prefeita de Maiquinique, Maria Aparecida Lacerda Campos, conhecida por &#8216;Minininha&#8217;, vem tentando a todo custo o desbloqueio, mas parece que n\u00e3o tem conseguido o sucesso esperado.<\/p>\n<p>Numa decis\u00e3o publicada nesta ter\u00e7a-feira (19), o TJ desbloqueou apenas a conta banc\u00e1ria da ex-prefeita, que \u00e9 a acusada de improbidade administrativa, em processo que corre na Comarca de Macarani.<\/p>\n<p>Na sua decis\u00e3o, a desembargadora Silvia Carneiro Santos Zarif reformou parcialmente a senten\u00e7a de 1\u00aa grau, da ju\u00edza Giselle de F\u00e1tima Guimar\u00e3es Ribeiro, liberando uma conta poupan\u00e7a\u00a0particular da ex-gestora, na Caixa Econ\u00f4mica Federal.<\/p>\n<p>Minininha teve todos os seus bens bloqueados no m\u00eas passado, pela ju\u00edza Giselle, no montante de R$ 585,1 mil por <em>&#8220;ind\u00edcios robustos de ato de improbidade administrativa com enriquecimento il\u00edcito e les\u00e3o ao er\u00e1rio&#8221;<\/em>, pelo n\u00e3o pagamento do 13\u00b0 sal\u00e1rio aos servidores municipais no \u00faltimo ano da gest\u00e3o dela, em dezembro de 2016.<\/p>\n<p>\u00c0 \u00e9poca, conforme a acusa\u00e7\u00e3o, o saldo das contas municipais no in\u00edcio da nova gest\u00e3o, j\u00e1 em 2017, era de menos da metade dos repasses que o Munic\u00edpio recebia. A ex-gestora perdeu a \u00faltima elei\u00e7\u00e3o quando tentava se reeleger em 2016.<\/p>\n<p>A conta poupan\u00e7a desbloqueada pela desembargadora\u00a0tinha saldo de cerca de R$ 780 reais.<\/p>\n","protected":false},"excerpt":{"rendered":"<p>Desde que teve os seus bens bloqueados pela justi\u00e7a, a ex-prefeita de Maiquinique, Maria Aparecida Lacerda Campos, conhecida por &#8216;Minininha&#8217;, vem tentando a todo custo o desbloqueio, mas parece que n\u00e3o tem conseguido o sucesso esperado. Numa decis\u00e3o publicada nesta ter\u00e7a-feira (19), o TJ desbloqueou apenas a conta banc\u00e1ria da ex-prefeita, que \u00e9 a acusada [&hellip;]<\/p>\n","protected":false},"author":2,"featured_media":72900,"comment_status":"open","ping_status":"open","sticky":false,"template":"","format":"standard","meta":{"footnotes":"","_links_to":"","_links_to_target":""},"categories":[1],"tags":[],"class_list":["post-72897","post","type-post","status-publish","format-standard","has-post-thumbnail","hentry","category-geral"],"views":1225,"_links":{"self":[{"href":"https:\/\/www.sudoestehoje.com.br\/novoportal\/wp-json\/wp\/v2\/posts\/72897","targetHints":{"allow":["GET"]}}],"collection":[{"href":"https:\/\/www.sudoestehoje.com.br\/novoportal\/wp-json\/wp\/v2\/posts"}],"about":[{"href":"https:\/\/www.sudoestehoje.com.br\/novoportal\/wp-json\/wp\/v2\/types\/post"}],"author":[{"embeddable":true,"href":"https:\/\/www.sudoestehoje.com.br\/novoportal\/wp-json\/wp\/v2\/users\/2"}],"replies":[{"embeddable":true,"href":"https:\/\/www.sudoestehoje.com.br\/novoportal\/wp-json\/wp\/v2\/comments?post=72897"}],"version-history":[{"count":4,"href":"https:\/\/www.sudoestehoje.com.br\/novoportal\/wp-json\/wp\/v2\/posts\/72897\/revisions"}],"predecessor-version":[{"id":72902,"href":"https:\/\/www.sudoestehoje.com.br\/novoportal\/wp-json\/wp\/v2\/posts\/72897\/revisions\/72902"}],"wp:featuredmedia":[{"embeddable":true,"href":"https:\/\/www.sudoestehoje.com.br\/novoportal\/wp-json\/wp\/v2\/media\/72900"}],"wp:attachment":[{"href":"https:\/\/www.sudoestehoje.com.br\/novoportal\/wp-json\/wp\/v2\/media?parent=72897"}],"wp:term":[{"taxonomy":"category","embeddable":true,"href":"https:\/\/www.sudoestehoje.com.br\/novoportal\/wp-json\/wp\/v2\/categories?post=72897"},{"taxonomy":"post_tag","embeddable":true,"href":"https:\/\/www.sudoestehoje.com.br\/novoportal\/wp-json\/wp\/v2\/tags?post=72897"}],"curies":[{"name":"wp","href":"https:\/\/api.w.org\/{rel}","templated":true}]}}