
{"id":72894,"date":"2018-06-19T10:38:54","date_gmt":"2018-06-19T13:38:54","guid":{"rendered":"http:\/\/www.sudoestehoje.com.br\/novoportal\/?p=72894"},"modified":"2018-06-19T10:38:54","modified_gmt":"2018-06-19T13:38:54","slug":"luto-morre-em-conquista-o-ex-prefeito-de-macarani-dr-paulo-lacerda","status":"publish","type":"post","link":"https:\/\/www.sudoestehoje.com.br\/novoportal\/2018\/06\/19\/luto-morre-em-conquista-o-ex-prefeito-de-macarani-dr-paulo-lacerda\/","title":{"rendered":"LUTO: MORRE EM CONQUISTA O EX-PREFEITO DE MACARANI DR. PAULO LACERDA"},"content":{"rendered":"<p><a href=\"http:\/\/www.sudoestehoje.com.br\/novoportal\/wp-content\/uploads\/2018\/06\/paulolacerda.jpg\"><img loading=\"lazy\" decoding=\"async\" class=\"aligncenter  wp-image-72895\" src=\"http:\/\/www.sudoestehoje.com.br\/novoportal\/wp-content\/uploads\/2018\/06\/paulolacerda-500x310.jpg\" alt=\"\" width=\"500\" height=\"310\" \/><\/a><\/p>\n<p>Morreu na madrugada desta ter\u00e7a-feira (19), em Vit\u00f3ria da Conquista, o ex-prefeito de Macarani, no Sudoeste Baiano, Paulo Lacerda, figura bastante conhecida na regi\u00e3o.<\/p>\n<p>Paulo tamb\u00e9m j\u00e1 integrou a diretoria da Cooperativa Mista Agropecu\u00e1ria Conquistense (Coopmac), na gest\u00e3o do ex-presidente, Claudionor Dutra (Ticol\u00f4).<\/p>\n<p>O corpo dever\u00e1 ser velado e sepultado em Conquista, cidade que ele escolheu para morar nos \u00faltimos anos. \/\/<em>Blog do Rodrigo Ferraz<\/em><\/p>\n","protected":false},"excerpt":{"rendered":"<p>Morreu na madrugada desta ter\u00e7a-feira (19), em Vit\u00f3ria da Conquista, o ex-prefeito de Macarani, no Sudoeste Baiano, Paulo Lacerda, figura bastante conhecida na regi\u00e3o. Paulo tamb\u00e9m j\u00e1 integrou a diretoria da Cooperativa Mista Agropecu\u00e1ria Conquistense (Coopmac), na gest\u00e3o do ex-presidente, Claudionor Dutra (Ticol\u00f4). O corpo dever\u00e1 ser velado e sepultado em Conquista, cidade que ele [&hellip;]<\/p>\n","protected":false},"author":2,"featured_media":72895,"comment_status":"open","ping_status":"open","sticky":false,"template":"","format":"standard","meta":{"footnotes":"","_links_to":"","_links_to_target":""},"categories":[1],"tags":[],"class_list":["post-72894","post","type-post","status-publish","format-standard","has-post-thumbnail","hentry","category-geral"],"views":1607,"_links":{"self":[{"href":"https:\/\/www.sudoestehoje.com.br\/novoportal\/wp-json\/wp\/v2\/posts\/72894","targetHints":{"allow":["GET"]}}],"collection":[{"href":"https:\/\/www.sudoestehoje.com.br\/novoportal\/wp-json\/wp\/v2\/posts"}],"about":[{"href":"https:\/\/www.sudoestehoje.com.br\/novoportal\/wp-json\/wp\/v2\/types\/post"}],"author":[{"embeddable":true,"href":"https:\/\/www.sudoestehoje.com.br\/novoportal\/wp-json\/wp\/v2\/users\/2"}],"replies":[{"embeddable":true,"href":"https:\/\/www.sudoestehoje.com.br\/novoportal\/wp-json\/wp\/v2\/comments?post=72894"}],"version-history":[{"count":1,"href":"https:\/\/www.sudoestehoje.com.br\/novoportal\/wp-json\/wp\/v2\/posts\/72894\/revisions"}],"predecessor-version":[{"id":72896,"href":"https:\/\/www.sudoestehoje.com.br\/novoportal\/wp-json\/wp\/v2\/posts\/72894\/revisions\/72896"}],"wp:featuredmedia":[{"embeddable":true,"href":"https:\/\/www.sudoestehoje.com.br\/novoportal\/wp-json\/wp\/v2\/media\/72895"}],"wp:attachment":[{"href":"https:\/\/www.sudoestehoje.com.br\/novoportal\/wp-json\/wp\/v2\/media?parent=72894"}],"wp:term":[{"taxonomy":"category","embeddable":true,"href":"https:\/\/www.sudoestehoje.com.br\/novoportal\/wp-json\/wp\/v2\/categories?post=72894"},{"taxonomy":"post_tag","embeddable":true,"href":"https:\/\/www.sudoestehoje.com.br\/novoportal\/wp-json\/wp\/v2\/tags?post=72894"}],"curies":[{"name":"wp","href":"https:\/\/api.w.org\/{rel}","templated":true}]}}