
{"id":72889,"date":"2018-06-19T01:15:14","date_gmt":"2018-06-19T04:15:14","guid":{"rendered":"http:\/\/www.sudoestehoje.com.br\/novoportal\/?p=72889"},"modified":"2018-06-19T01:15:14","modified_gmt":"2018-06-19T04:15:14","slug":"irmao-lazaro-pode-ser-o-segundo-nome-ao-senado-na-chapa-de-ze-ronaldo","status":"publish","type":"post","link":"https:\/\/www.sudoestehoje.com.br\/novoportal\/2018\/06\/19\/irmao-lazaro-pode-ser-o-segundo-nome-ao-senado-na-chapa-de-ze-ronaldo\/","title":{"rendered":"IRM\u00c3O L\u00c1ZARO PODE SER O SEGUNDO NOME AO SENADO NA CHAPA DE Z\u00c9 RONALDO"},"content":{"rendered":"<p><a href=\"http:\/\/www.sudoestehoje.com.br\/novoportal\/wp-content\/uploads\/2018\/06\/irm\u00e3o-l\u00e1zaro-1000x530.jpg\"><img loading=\"lazy\" decoding=\"async\" class=\"aligncenter size-medium wp-image-72892\" src=\"http:\/\/www.sudoestehoje.com.br\/novoportal\/wp-content\/uploads\/2018\/06\/irm\u00e3o-l\u00e1zaro-1000x530-500x265.jpg\" alt=\"\" width=\"500\" height=\"265\" srcset=\"https:\/\/www.sudoestehoje.com.br\/novoportal\/wp-content\/uploads\/2018\/06\/irm\u00e3o-l\u00e1zaro-1000x530-500x265.jpg 500w, https:\/\/www.sudoestehoje.com.br\/novoportal\/wp-content\/uploads\/2018\/06\/irm\u00e3o-l\u00e1zaro-1000x530-768x407.jpg 768w, https:\/\/www.sudoestehoje.com.br\/novoportal\/wp-content\/uploads\/2018\/06\/irm\u00e3o-l\u00e1zaro-1000x530-700x371.jpg 700w, https:\/\/www.sudoestehoje.com.br\/novoportal\/wp-content\/uploads\/2018\/06\/irm\u00e3o-l\u00e1zaro-1000x530.jpg 1000w\" sizes=\"auto, (max-width: 500px) 100vw, 500px\" \/><\/a><\/p>\n<p>O deputado federal Irm\u00e3o L\u00e1zaro (PSC), que tem seu nome cobi\u00e7ado para a chapa do DEM na disputa pelo governo da Bahia, participou neste s\u00e1bado (17) de um dos eventos p\u00fablicos da pr\u00e9-campanha de Jos\u00e9 Ronaldo (DEM), candidato ao Pal\u00e1cio de Ondina.<\/p>\n<p>Nos bastidores, L\u00e1zaro est\u00e1 prestes a ser anunciado como o segundo nome do grupo ao Senado, mas as articula\u00e7\u00f5es n\u00e3o est\u00e3o totalmente fechadas. Apesar disso, a apari\u00e7\u00e3o do parlamentar ao lado de Z\u00e9 Ronaldo pode indicar que o martelo est\u00e1 perto de ser batido.<\/p>\n<p>O primeiro nome j\u00e1 anunciado para a disputa ao senado \u00e9 o do deputado federal Jutahy Jr.<\/p>\n","protected":false},"excerpt":{"rendered":"<p>O deputado federal Irm\u00e3o L\u00e1zaro (PSC), que tem seu nome cobi\u00e7ado para a chapa do DEM na disputa pelo governo da Bahia, participou neste s\u00e1bado (17) de um dos eventos p\u00fablicos da pr\u00e9-campanha de Jos\u00e9 Ronaldo (DEM), candidato ao Pal\u00e1cio de Ondina. Nos bastidores, L\u00e1zaro est\u00e1 prestes a ser anunciado como o segundo nome do [&hellip;]<\/p>\n","protected":false},"author":2,"featured_media":72892,"comment_status":"open","ping_status":"open","sticky":false,"template":"","format":"standard","meta":{"footnotes":"","_links_to":"","_links_to_target":""},"categories":[1],"tags":[],"class_list":["post-72889","post","type-post","status-publish","format-standard","has-post-thumbnail","hentry","category-geral"],"views":1109,"_links":{"self":[{"href":"https:\/\/www.sudoestehoje.com.br\/novoportal\/wp-json\/wp\/v2\/posts\/72889","targetHints":{"allow":["GET"]}}],"collection":[{"href":"https:\/\/www.sudoestehoje.com.br\/novoportal\/wp-json\/wp\/v2\/posts"}],"about":[{"href":"https:\/\/www.sudoestehoje.com.br\/novoportal\/wp-json\/wp\/v2\/types\/post"}],"author":[{"embeddable":true,"href":"https:\/\/www.sudoestehoje.com.br\/novoportal\/wp-json\/wp\/v2\/users\/2"}],"replies":[{"embeddable":true,"href":"https:\/\/www.sudoestehoje.com.br\/novoportal\/wp-json\/wp\/v2\/comments?post=72889"}],"version-history":[{"count":3,"href":"https:\/\/www.sudoestehoje.com.br\/novoportal\/wp-json\/wp\/v2\/posts\/72889\/revisions"}],"predecessor-version":[{"id":72893,"href":"https:\/\/www.sudoestehoje.com.br\/novoportal\/wp-json\/wp\/v2\/posts\/72889\/revisions\/72893"}],"wp:featuredmedia":[{"embeddable":true,"href":"https:\/\/www.sudoestehoje.com.br\/novoportal\/wp-json\/wp\/v2\/media\/72892"}],"wp:attachment":[{"href":"https:\/\/www.sudoestehoje.com.br\/novoportal\/wp-json\/wp\/v2\/media?parent=72889"}],"wp:term":[{"taxonomy":"category","embeddable":true,"href":"https:\/\/www.sudoestehoje.com.br\/novoportal\/wp-json\/wp\/v2\/categories?post=72889"},{"taxonomy":"post_tag","embeddable":true,"href":"https:\/\/www.sudoestehoje.com.br\/novoportal\/wp-json\/wp\/v2\/tags?post=72889"}],"curies":[{"name":"wp","href":"https:\/\/api.w.org\/{rel}","templated":true}]}}