
{"id":72870,"date":"2018-06-18T20:03:45","date_gmt":"2018-06-18T23:03:45","guid":{"rendered":"http:\/\/www.sudoestehoje.com.br\/novoportal\/?p=72870"},"modified":"2018-06-18T20:03:45","modified_gmt":"2018-06-18T23:03:45","slug":"ciano-filho-acompanha-herzem-em-visita-as-obras-do-novo-aeroporto-de-conquista","status":"publish","type":"post","link":"https:\/\/www.sudoestehoje.com.br\/novoportal\/2018\/06\/18\/ciano-filho-acompanha-herzem-em-visita-as-obras-do-novo-aeroporto-de-conquista\/","title":{"rendered":"CIANO FILHO ACOMPANHA HERZEM EM VISITA \u00c0S OBRAS DO NOVO AEROPORTO DE CONQUISTA"},"content":{"rendered":"<p><a href=\"http:\/\/www.sudoestehoje.com.br\/novoportal\/wp-content\/uploads\/2018\/06\/ciano-no-aeroporto.jpg\"><img loading=\"lazy\" decoding=\"async\" class=\"aligncenter size-medium wp-image-72873\" src=\"http:\/\/www.sudoestehoje.com.br\/novoportal\/wp-content\/uploads\/2018\/06\/ciano-no-aeroporto-500x375.jpg\" alt=\"\" width=\"500\" height=\"375\" srcset=\"https:\/\/www.sudoestehoje.com.br\/novoportal\/wp-content\/uploads\/2018\/06\/ciano-no-aeroporto-500x375.jpg 500w, https:\/\/www.sudoestehoje.com.br\/novoportal\/wp-content\/uploads\/2018\/06\/ciano-no-aeroporto-768x576.jpg 768w, https:\/\/www.sudoestehoje.com.br\/novoportal\/wp-content\/uploads\/2018\/06\/ciano-no-aeroporto-700x525.jpg 700w, https:\/\/www.sudoestehoje.com.br\/novoportal\/wp-content\/uploads\/2018\/06\/ciano-no-aeroporto.jpg 960w\" sizes=\"auto, (max-width: 500px) 100vw, 500px\" \/><\/a><\/p>\n<p>o pr\u00e9-candidato a deputado federal Ciano Filho (PROS), acompanhou o prefeito de Vit\u00f3ria da Conquista, Herzem Gusm\u00e3o, em visita ao Aeroporto Regional Glauber Rocha, obra do governo federal que vai atender a mais de 2 milh\u00f5es de pessoas da Regi\u00e3o Sudoeste da Bahia e norte de Minas.<\/p>\n<p>A visita aconteceu na \u00faltima quinta-feira (14) e teve como objetivo a apresenta\u00e7\u00e3o, pela Secretaria Estadual de Infraestrutura, dos detalhes da obra do novo equipamento.<\/p>\n<p>O diretor de Terminais e Aeroportos da Seinfra, Denisson de Oliveira, explicou sobre o andamento e as etapas da obra e apresentou algumas responsabilidades do Munic\u00edpio, como coleta de lixo, transporte p\u00fablico e sinaliza\u00e7\u00e3o na \u00e1rea aeroportu\u00e1ria.\u00a0<em>\u201cAproveitamos e mostramos todo o projeto, como ele foi desenvolvido, e levantamos todos os elementos que achamos que sejam importantes de serem discutidos com a Prefeitura\u201d<\/em>, destacou.<\/p>\n<p><em>\u201cEste aeroporto \u00e9 fundamental ao desenvolvimento de toda regi\u00e3o sudoeste, n\u00e3o apenas de Vit\u00f3ria da Conquista. A previs\u00e3o \u00e9 que esteja operando no final deste ano. Esperamos mesmo que o Governo Federal assegure a entrega deste equipamento o quanto antes\u201d<\/em>, afirmou Ciano.<\/p>\n<p>Segundo ele, o prefeito Herzem Gusm\u00e3o vem-se empenhando para garantir celeridade na obra.<\/p>\n","protected":false},"excerpt":{"rendered":"<p>o pr\u00e9-candidato a deputado federal Ciano Filho (PROS), acompanhou o prefeito de Vit\u00f3ria da Conquista, Herzem Gusm\u00e3o, em visita ao Aeroporto Regional Glauber Rocha, obra do governo federal que vai atender a mais de 2 milh\u00f5es de pessoas da Regi\u00e3o Sudoeste da Bahia e norte de Minas. A visita aconteceu na \u00faltima quinta-feira (14) e [&hellip;]<\/p>\n","protected":false},"author":2,"featured_media":72873,"comment_status":"open","ping_status":"open","sticky":false,"template":"","format":"standard","meta":{"footnotes":"","_links_to":"","_links_to_target":""},"categories":[1],"tags":[],"class_list":["post-72870","post","type-post","status-publish","format-standard","has-post-thumbnail","hentry","category-geral"],"views":1050,"_links":{"self":[{"href":"https:\/\/www.sudoestehoje.com.br\/novoportal\/wp-json\/wp\/v2\/posts\/72870","targetHints":{"allow":["GET"]}}],"collection":[{"href":"https:\/\/www.sudoestehoje.com.br\/novoportal\/wp-json\/wp\/v2\/posts"}],"about":[{"href":"https:\/\/www.sudoestehoje.com.br\/novoportal\/wp-json\/wp\/v2\/types\/post"}],"author":[{"embeddable":true,"href":"https:\/\/www.sudoestehoje.com.br\/novoportal\/wp-json\/wp\/v2\/users\/2"}],"replies":[{"embeddable":true,"href":"https:\/\/www.sudoestehoje.com.br\/novoportal\/wp-json\/wp\/v2\/comments?post=72870"}],"version-history":[{"count":4,"href":"https:\/\/www.sudoestehoje.com.br\/novoportal\/wp-json\/wp\/v2\/posts\/72870\/revisions"}],"predecessor-version":[{"id":72875,"href":"https:\/\/www.sudoestehoje.com.br\/novoportal\/wp-json\/wp\/v2\/posts\/72870\/revisions\/72875"}],"wp:featuredmedia":[{"embeddable":true,"href":"https:\/\/www.sudoestehoje.com.br\/novoportal\/wp-json\/wp\/v2\/media\/72873"}],"wp:attachment":[{"href":"https:\/\/www.sudoestehoje.com.br\/novoportal\/wp-json\/wp\/v2\/media?parent=72870"}],"wp:term":[{"taxonomy":"category","embeddable":true,"href":"https:\/\/www.sudoestehoje.com.br\/novoportal\/wp-json\/wp\/v2\/categories?post=72870"},{"taxonomy":"post_tag","embeddable":true,"href":"https:\/\/www.sudoestehoje.com.br\/novoportal\/wp-json\/wp\/v2\/tags?post=72870"}],"curies":[{"name":"wp","href":"https:\/\/api.w.org\/{rel}","templated":true}]}}