
{"id":7285,"date":"2011-08-09T23:24:00","date_gmt":"2011-08-10T02:24:00","guid":{"rendered":"http:\/\/www.sudoestehoje.com.br\/novoportal\/?p=7285"},"modified":"2011-08-10T15:30:21","modified_gmt":"2011-08-10T18:30:21","slug":"sargento-geovane-e-demitido-da-comutran","status":"publish","type":"post","link":"https:\/\/www.sudoestehoje.com.br\/novoportal\/2011\/08\/09\/sargento-geovane-e-demitido-da-comutran\/","title":{"rendered":"SARGENTO GEOVANE \u00c9 DEMITIDO DA COMUTRAN"},"content":{"rendered":"<p style=\"text-align: center;\"><img decoding=\"async\" class=\"aligncenter\" src=\"http:\/\/t0.gstatic.com\/images?q=tbn:ANd9GcQ2Kkxzv_v6SFcqpo47UXWMX5Uq5bkSIc-XBvA0vRnk9bxLdAzAbQ\" alt=\"\" width=\"500\" \/><\/p>\n<p>ITAPETINGA: O Sargento da PM, Paulo Geovane Ribas, que exercia o cargo de coordenador da Comutran, foi demitido na tarde desta quinta-feira, pelo prefeito Jos\u00e9 Carlos Moura. Embora Z\u00e9 Carlos tenha relutado para n\u00e3o assinar o decreto de exonera\u00e7\u00e3o, acabou cedendo \u00e0 press\u00e3o do seu grupo pol\u00edtico, principalmente do seu irm\u00e3o\/secret\u00e1rio Zen\u00f3bio Cirqueira, que queria ver Geovane pelas costas.<\/p>\n<p>Paulo Geovane j\u00e1 vinha desgastado desde o in\u00edcio da atual administra\u00e7\u00e3o, sendo objeto de in\u00fameras den\u00fancias de irregularidades, como a cobran\u00e7a exorbitante para concess\u00e3o de alvar\u00e1s a mototaxistas, contrata\u00e7\u00e3o de parentes, utiliza\u00e7\u00e3o de servidores da autarquia para servi\u00e7os em empresa de sua propriedade particular, fechamento irregular de ruas para festas particulares, dentre muitas outras.<\/p>\n<p>Nos \u00faltimos meses o secret\u00e1rio Zen\u00f3bio plantou um servidor da sua confian\u00e7a dentro do \u00f3rg\u00e3o, para se inteirar do que l\u00e1 estava ocorrendo e desbaratar as irregularidades frequentemente denunciadas, o que culminou com a exonera\u00e7\u00e3o de Paulo Geovane.<\/p>\n<p>O prefeito ainda n\u00e3o anunciou quem ser\u00e1 o substituto de Geovane, mas j\u00e1 se especula que a Comutran dever\u00e1 ser incorporada \u00e0 secretaria de transportes.<\/p>\n<p><em><strong>Por DAVI FERRAZ<\/strong><\/em><\/p>\n","protected":false},"excerpt":{"rendered":"<p>ITAPETINGA: O Sargento da PM, Paulo Geovane Ribas, que exercia o cargo de coordenador da Comutran, foi demitido na tarde desta quinta-feira, pelo prefeito Jos\u00e9 Carlos Moura. Embora Z\u00e9 Carlos tenha relutado para n\u00e3o assinar o decreto de exonera\u00e7\u00e3o, acabou cedendo \u00e0 press\u00e3o do seu grupo pol\u00edtico, principalmente do seu irm\u00e3o\/secret\u00e1rio Zen\u00f3bio Cirqueira, que queria [&hellip;]<\/p>\n","protected":false},"author":2,"featured_media":0,"comment_status":"open","ping_status":"open","sticky":false,"template":"","format":"standard","meta":{"footnotes":"","_links_to":"","_links_to_target":""},"categories":[1],"tags":[],"class_list":["post-7285","post","type-post","status-publish","format-standard","hentry","category-geral"],"views":2971,"_links":{"self":[{"href":"https:\/\/www.sudoestehoje.com.br\/novoportal\/wp-json\/wp\/v2\/posts\/7285","targetHints":{"allow":["GET"]}}],"collection":[{"href":"https:\/\/www.sudoestehoje.com.br\/novoportal\/wp-json\/wp\/v2\/posts"}],"about":[{"href":"https:\/\/www.sudoestehoje.com.br\/novoportal\/wp-json\/wp\/v2\/types\/post"}],"author":[{"embeddable":true,"href":"https:\/\/www.sudoestehoje.com.br\/novoportal\/wp-json\/wp\/v2\/users\/2"}],"replies":[{"embeddable":true,"href":"https:\/\/www.sudoestehoje.com.br\/novoportal\/wp-json\/wp\/v2\/comments?post=7285"}],"version-history":[{"count":6,"href":"https:\/\/www.sudoestehoje.com.br\/novoportal\/wp-json\/wp\/v2\/posts\/7285\/revisions"}],"predecessor-version":[{"id":7288,"href":"https:\/\/www.sudoestehoje.com.br\/novoportal\/wp-json\/wp\/v2\/posts\/7285\/revisions\/7288"}],"wp:attachment":[{"href":"https:\/\/www.sudoestehoje.com.br\/novoportal\/wp-json\/wp\/v2\/media?parent=7285"}],"wp:term":[{"taxonomy":"category","embeddable":true,"href":"https:\/\/www.sudoestehoje.com.br\/novoportal\/wp-json\/wp\/v2\/categories?post=7285"},{"taxonomy":"post_tag","embeddable":true,"href":"https:\/\/www.sudoestehoje.com.br\/novoportal\/wp-json\/wp\/v2\/tags?post=7285"}],"curies":[{"name":"wp","href":"https:\/\/api.w.org\/{rel}","templated":true}]}}