
{"id":72844,"date":"2018-06-16T21:50:41","date_gmt":"2018-06-17T00:50:41","guid":{"rendered":"http:\/\/www.sudoestehoje.com.br\/novoportal\/?p=72844"},"modified":"2018-06-16T21:50:41","modified_gmt":"2018-06-17T00:50:41","slug":"ze-ronaldo-e-acm-neto-tem-encontro-com-liderancas-do-sudoeste-em-conquista","status":"publish","type":"post","link":"https:\/\/www.sudoestehoje.com.br\/novoportal\/2018\/06\/16\/ze-ronaldo-e-acm-neto-tem-encontro-com-liderancas-do-sudoeste-em-conquista\/","title":{"rendered":"Z\u00c9 RONALDO E ACM NETO T\u00caM ENCONTRO COM LIDERAN\u00c7AS DO SUDOESTE EM CONQUISTA"},"content":{"rendered":"<p><a href=\"http:\/\/www.sudoestehoje.com.br\/novoportal\/wp-content\/uploads\/2018\/06\/ze-ronaldo-e-neto-conquista.jpg\"><img loading=\"lazy\" decoding=\"async\" class=\"aligncenter size-medium wp-image-72845\" src=\"http:\/\/www.sudoestehoje.com.br\/novoportal\/wp-content\/uploads\/2018\/06\/ze-ronaldo-e-neto-conquista-500x350.jpg\" alt=\"\" width=\"500\" height=\"350\" srcset=\"https:\/\/www.sudoestehoje.com.br\/novoportal\/wp-content\/uploads\/2018\/06\/ze-ronaldo-e-neto-conquista-500x350.jpg 500w, https:\/\/www.sudoestehoje.com.br\/novoportal\/wp-content\/uploads\/2018\/06\/ze-ronaldo-e-neto-conquista.jpg 600w\" sizes=\"auto, (max-width: 500px) 100vw, 500px\" \/><\/a><\/p>\n<p>O pr\u00e9-candidato a governador Jos\u00e9 Ronaldo (DEM) e o prefeito de Salvador, ACM Neto (DEM), estiveram reunidos na noite desta sexta-feira (15), em Vit\u00f3ria da Conquista, com lideran\u00e7as pol\u00edticas dos munic\u00edpios de Belo Campo, Po\u00e7\u00f5es, C\u00e2ndido Sales, Itapetinga, Itarantim, Anag\u00e9, Barra do Cho\u00e7a, Ribeir\u00e3o do Largo, Aba\u00edra, Tanha\u00e7u, Santa Cruz da Vit\u00f3ria e Caetit\u00e9.<\/p>\n<p>\u201cFico estarrecido com a situa\u00e7\u00e3o de falta de seguran\u00e7a que se espalha hoje em todo o estado por defici\u00eancias na gest\u00e3o. \u00c9 preciso mudar. A Bahia precisa retomar o desenvolvimento. Para isso, Jos\u00e9 Ronaldo \u00e9 a pessoa ideal para liderar essa transforma\u00e7\u00e3o\u201d, defendeu o gestor da capital baiana.<\/p>\n<p>Neto deve intensificar as idas ao interior com o pr\u00e9-candidato do DEM para negar os rumores de que estaria\u00a0afastado da campanha.<\/p>\n","protected":false},"excerpt":{"rendered":"<p>O pr\u00e9-candidato a governador Jos\u00e9 Ronaldo (DEM) e o prefeito de Salvador, ACM Neto (DEM), estiveram reunidos na noite desta sexta-feira (15), em Vit\u00f3ria da Conquista, com lideran\u00e7as pol\u00edticas dos munic\u00edpios de Belo Campo, Po\u00e7\u00f5es, C\u00e2ndido Sales, Itapetinga, Itarantim, Anag\u00e9, Barra do Cho\u00e7a, Ribeir\u00e3o do Largo, Aba\u00edra, Tanha\u00e7u, Santa Cruz da Vit\u00f3ria e Caetit\u00e9. \u201cFico [&hellip;]<\/p>\n","protected":false},"author":2,"featured_media":72845,"comment_status":"open","ping_status":"open","sticky":false,"template":"","format":"standard","meta":{"footnotes":"","_links_to":"","_links_to_target":""},"categories":[1],"tags":[],"class_list":["post-72844","post","type-post","status-publish","format-standard","has-post-thumbnail","hentry","category-geral"],"views":1106,"_links":{"self":[{"href":"https:\/\/www.sudoestehoje.com.br\/novoportal\/wp-json\/wp\/v2\/posts\/72844","targetHints":{"allow":["GET"]}}],"collection":[{"href":"https:\/\/www.sudoestehoje.com.br\/novoportal\/wp-json\/wp\/v2\/posts"}],"about":[{"href":"https:\/\/www.sudoestehoje.com.br\/novoportal\/wp-json\/wp\/v2\/types\/post"}],"author":[{"embeddable":true,"href":"https:\/\/www.sudoestehoje.com.br\/novoportal\/wp-json\/wp\/v2\/users\/2"}],"replies":[{"embeddable":true,"href":"https:\/\/www.sudoestehoje.com.br\/novoportal\/wp-json\/wp\/v2\/comments?post=72844"}],"version-history":[{"count":1,"href":"https:\/\/www.sudoestehoje.com.br\/novoportal\/wp-json\/wp\/v2\/posts\/72844\/revisions"}],"predecessor-version":[{"id":72846,"href":"https:\/\/www.sudoestehoje.com.br\/novoportal\/wp-json\/wp\/v2\/posts\/72844\/revisions\/72846"}],"wp:featuredmedia":[{"embeddable":true,"href":"https:\/\/www.sudoestehoje.com.br\/novoportal\/wp-json\/wp\/v2\/media\/72845"}],"wp:attachment":[{"href":"https:\/\/www.sudoestehoje.com.br\/novoportal\/wp-json\/wp\/v2\/media?parent=72844"}],"wp:term":[{"taxonomy":"category","embeddable":true,"href":"https:\/\/www.sudoestehoje.com.br\/novoportal\/wp-json\/wp\/v2\/categories?post=72844"},{"taxonomy":"post_tag","embeddable":true,"href":"https:\/\/www.sudoestehoje.com.br\/novoportal\/wp-json\/wp\/v2\/tags?post=72844"}],"curies":[{"name":"wp","href":"https:\/\/api.w.org\/{rel}","templated":true}]}}