
{"id":72834,"date":"2018-06-16T19:07:15","date_gmt":"2018-06-16T22:07:15","guid":{"rendered":"http:\/\/www.sudoestehoje.com.br\/novoportal\/?p=72834"},"modified":"2018-06-16T19:07:15","modified_gmt":"2018-06-16T22:07:15","slug":"tragedia-corpo-de-menina-desaparecida-ha-8-dias-e-encontrado-ao-lado-de-patins-na-mata","status":"publish","type":"post","link":"https:\/\/www.sudoestehoje.com.br\/novoportal\/2018\/06\/16\/tragedia-corpo-de-menina-desaparecida-ha-8-dias-e-encontrado-ao-lado-de-patins-na-mata\/","title":{"rendered":"TRAG\u00c9DIA: CORPO DE MENINA DESAPARECIDA H\u00c1 8 DIAS \u00c9 ENCONTRADO AO LADO DE PATINS NA MATA"},"content":{"rendered":"<div class=\"mc-column content-text active-extra-styles active-capital-letter\" data-block-type=\"unstyled\" data-block-weight=\"40\" data-block-id=\"2\">\n<p class=\"content-text__container theme-color-primary-first-letter\" data-track-category=\"Link no Texto\" data-track-links=\"\"><a href=\"http:\/\/www.sudoestehoje.com.br\/novoportal\/wp-content\/uploads\/2018\/06\/gabrielly.png\"><img loading=\"lazy\" decoding=\"async\" class=\"aligncenter size-medium wp-image-72841\" src=\"http:\/\/www.sudoestehoje.com.br\/novoportal\/wp-content\/uploads\/2018\/06\/gabrielly-500x289.png\" alt=\"\" width=\"500\" height=\"289\" srcset=\"https:\/\/www.sudoestehoje.com.br\/novoportal\/wp-content\/uploads\/2018\/06\/gabrielly-500x289.png 500w, https:\/\/www.sudoestehoje.com.br\/novoportal\/wp-content\/uploads\/2018\/06\/gabrielly.png 640w\" sizes=\"auto, (max-width: 500px) 100vw, 500px\" \/><\/a><\/p>\n<p class=\"content-text__container theme-color-primary-first-letter\" data-track-category=\"Link no Texto\" data-track-links=\"\">O corpo da adolescente Vit\u00f3ria Gabrielly Guimar\u00e3es Vaz, de 12 anos, que\u00a0desapareceu ao sair para andar de patins, em Ara\u00e7ariguama (SP), foi encontrado em uma estrada de terra, ao lado dos patins, no in\u00edcio da tarde deste s\u00e1bado (16).<\/p>\n<\/div>\n<div class=\"wall\">\n<div class=\"mc-column content-text active-extra-styles \" data-block-type=\"unstyled\" data-block-weight=\"31\" data-block-id=\"3\">\n<p class=\"content-text__container \" data-track-category=\"Link no Texto\" data-track-links=\"\">De acordo com a Pol\u00edcia Militar, a equipe foi acionada pelo telefone 190 e seguiu para a Estrada de Aparecidinha, no bairro Caxambu, Zona Rural de Ara\u00e7ariguama, por volta de 13h.<\/p>\n<\/div>\n<div class=\"mc-column content-text active-extra-styles \" data-block-type=\"unstyled\" data-block-weight=\"26\" data-block-id=\"4\">\n<p class=\"content-text__container \" data-track-category=\"Link no Texto\" data-track-links=\"\">A Pol\u00edcia Civil tamb\u00e9m confirmou que o corpo \u00e9 de Vit\u00f3ria Gabrielly. Os pais da garota se deslocaram ao local para acompanhar o trabalho da pol\u00edcia.<\/p>\n<p class=\"content-text__container \" data-track-category=\"Link no Texto\" data-track-links=\"\"><a href=\"http:\/\/www.sudoestehoje.com.br\/novoportal\/wp-content\/uploads\/2018\/06\/MATA.jpeg\"><img loading=\"lazy\" decoding=\"async\" class=\"aligncenter size-medium wp-image-72842\" src=\"http:\/\/www.sudoestehoje.com.br\/novoportal\/wp-content\/uploads\/2018\/06\/MATA-500x375.jpeg\" alt=\"\" width=\"500\" height=\"375\" srcset=\"https:\/\/www.sudoestehoje.com.br\/novoportal\/wp-content\/uploads\/2018\/06\/MATA-500x375.jpeg 500w, https:\/\/www.sudoestehoje.com.br\/novoportal\/wp-content\/uploads\/2018\/06\/MATA.jpeg 640w\" sizes=\"auto, (max-width: 500px) 100vw, 500px\" \/><\/a><\/p>\n<\/div>\n<div class=\"mc-column content-text active-extra-styles \" data-block-type=\"unstyled\" data-block-weight=\"44\" data-block-id=\"5\">\n<p class=\"content-text__container \" data-track-category=\"Link no Texto\" data-track-links=\"\">Ainda conforme a PM, a menina est\u00e1 com a mesma roupa que vestia no dia do desaparecimento. O corpo foi localizado em uma trilha, a cerca de 15 metros de dist\u00e2ncia do trecho onde passam ve\u00edculos. As causas da morte ainda est\u00e3o sendo investigadas.<\/p>\n<\/div>\n<\/div>\n","protected":false},"excerpt":{"rendered":"<p>O corpo da adolescente Vit\u00f3ria Gabrielly Guimar\u00e3es Vaz, de 12 anos, que\u00a0desapareceu ao sair para andar de patins, em Ara\u00e7ariguama (SP), foi encontrado em uma estrada de terra, ao lado dos patins, no in\u00edcio da tarde deste s\u00e1bado (16). De acordo com a Pol\u00edcia Militar, a equipe foi acionada pelo telefone 190 e seguiu para [&hellip;]<\/p>\n","protected":false},"author":2,"featured_media":72841,"comment_status":"open","ping_status":"open","sticky":false,"template":"","format":"standard","meta":{"footnotes":"","_links_to":"","_links_to_target":""},"categories":[1],"tags":[],"class_list":["post-72834","post","type-post","status-publish","format-standard","has-post-thumbnail","hentry","category-geral"],"views":11795,"_links":{"self":[{"href":"https:\/\/www.sudoestehoje.com.br\/novoportal\/wp-json\/wp\/v2\/posts\/72834","targetHints":{"allow":["GET"]}}],"collection":[{"href":"https:\/\/www.sudoestehoje.com.br\/novoportal\/wp-json\/wp\/v2\/posts"}],"about":[{"href":"https:\/\/www.sudoestehoje.com.br\/novoportal\/wp-json\/wp\/v2\/types\/post"}],"author":[{"embeddable":true,"href":"https:\/\/www.sudoestehoje.com.br\/novoportal\/wp-json\/wp\/v2\/users\/2"}],"replies":[{"embeddable":true,"href":"https:\/\/www.sudoestehoje.com.br\/novoportal\/wp-json\/wp\/v2\/comments?post=72834"}],"version-history":[{"count":7,"href":"https:\/\/www.sudoestehoje.com.br\/novoportal\/wp-json\/wp\/v2\/posts\/72834\/revisions"}],"predecessor-version":[{"id":72843,"href":"https:\/\/www.sudoestehoje.com.br\/novoportal\/wp-json\/wp\/v2\/posts\/72834\/revisions\/72843"}],"wp:featuredmedia":[{"embeddable":true,"href":"https:\/\/www.sudoestehoje.com.br\/novoportal\/wp-json\/wp\/v2\/media\/72841"}],"wp:attachment":[{"href":"https:\/\/www.sudoestehoje.com.br\/novoportal\/wp-json\/wp\/v2\/media?parent=72834"}],"wp:term":[{"taxonomy":"category","embeddable":true,"href":"https:\/\/www.sudoestehoje.com.br\/novoportal\/wp-json\/wp\/v2\/categories?post=72834"},{"taxonomy":"post_tag","embeddable":true,"href":"https:\/\/www.sudoestehoje.com.br\/novoportal\/wp-json\/wp\/v2\/tags?post=72834"}],"curies":[{"name":"wp","href":"https:\/\/api.w.org\/{rel}","templated":true}]}}