
{"id":72827,"date":"2018-06-15T21:19:02","date_gmt":"2018-06-16T00:19:02","guid":{"rendered":"http:\/\/www.sudoestehoje.com.br\/novoportal\/?p=72827"},"modified":"2018-06-15T21:19:02","modified_gmt":"2018-06-16T00:19:02","slug":"eleicao-so-esquenta-depois-do-sao-joao","status":"publish","type":"post","link":"https:\/\/www.sudoestehoje.com.br\/novoportal\/2018\/06\/15\/eleicao-so-esquenta-depois-do-sao-joao\/","title":{"rendered":"ELEI\u00c7\u00c3O S\u00d3 ESQUENTA DEPOIS DO S\u00c3O JO\u00c3O"},"content":{"rendered":"<p><strong><em>OPINI\u00c3O<\/em><\/strong><\/p>\n<p><a href=\"http:\/\/www.sudoestehoje.com.br\/novoportal\/wp-content\/uploads\/2018\/06\/humor-Charge-Edme.png\"><img loading=\"lazy\" decoding=\"async\" class=\"aligncenter size-medium wp-image-72829\" src=\"http:\/\/www.sudoestehoje.com.br\/novoportal\/wp-content\/uploads\/2018\/06\/humor-Charge-Edme-500x418.png\" alt=\"\" width=\"500\" height=\"418\" srcset=\"https:\/\/www.sudoestehoje.com.br\/novoportal\/wp-content\/uploads\/2018\/06\/humor-Charge-Edme-500x418.png 500w, https:\/\/www.sudoestehoje.com.br\/novoportal\/wp-content\/uploads\/2018\/06\/humor-Charge-Edme.png 650w\" sizes=\"auto, (max-width: 500px) 100vw, 500px\" \/><\/a><\/p>\n<p>Com o encurtamento do per\u00edodo eleitoral, que j\u00e1 foi de 90 dias e hoje est\u00e1 restrito a apenas 45, as decis\u00f5es partid\u00e1rias est\u00e3o sendo proteladas e s\u00f3 devem ser definidas, na Bahia, ap\u00f3s os festejos juninos e talvez da Copa.<\/p>\n<p>Embora as candidaturas ao governo do estado j\u00e1 estejam lan\u00e7adas, faltam as defini\u00e7\u00f5es, de lado a lado, sobre as candidaturas ao senado e coliga\u00e7\u00f5es nas elei\u00e7\u00f5es proporcionais para deputado federal e estadual.<\/p>\n<p>Em Itapetinga, assim como na maioria das cidades da regi\u00e3o, candidaturas a deputado j\u00e1 est\u00e3o praticamente definidas, mas pode haver reviravolta nos apoios ao governo e senado.<\/p>\n<p>H\u00e1 expectativa de uma mudan\u00e7a de posi\u00e7\u00e3o de alguns pol\u00edticos, caso o governador n\u00e3o cumpra os compromissos assumidos com os prefeitos que aderiram ao seu projeto pol\u00edtico, mas que continuam de pires na m\u00e3o.<\/p>\n<p>Quando a ficha cair, o arrependimento \u00e9 certo e pode complicar a reelei\u00e7\u00e3o de Rui, que j\u00e1 gastou toda a tinta da caneta e pouco realizou.<\/p>\n<p><strong><em>Por Davi Ferraz<\/em><\/strong><\/p>\n","protected":false},"excerpt":{"rendered":"<p>OPINI\u00c3O Com o encurtamento do per\u00edodo eleitoral, que j\u00e1 foi de 90 dias e hoje est\u00e1 restrito a apenas 45, as decis\u00f5es partid\u00e1rias est\u00e3o sendo proteladas e s\u00f3 devem ser definidas, na Bahia, ap\u00f3s os festejos juninos e talvez da Copa. Embora as candidaturas ao governo do estado j\u00e1 estejam lan\u00e7adas, faltam as defini\u00e7\u00f5es, de [&hellip;]<\/p>\n","protected":false},"author":2,"featured_media":72829,"comment_status":"open","ping_status":"open","sticky":false,"template":"","format":"standard","meta":{"footnotes":"","_links_to":"","_links_to_target":""},"categories":[1],"tags":[],"class_list":["post-72827","post","type-post","status-publish","format-standard","has-post-thumbnail","hentry","category-geral"],"views":1131,"_links":{"self":[{"href":"https:\/\/www.sudoestehoje.com.br\/novoportal\/wp-json\/wp\/v2\/posts\/72827","targetHints":{"allow":["GET"]}}],"collection":[{"href":"https:\/\/www.sudoestehoje.com.br\/novoportal\/wp-json\/wp\/v2\/posts"}],"about":[{"href":"https:\/\/www.sudoestehoje.com.br\/novoportal\/wp-json\/wp\/v2\/types\/post"}],"author":[{"embeddable":true,"href":"https:\/\/www.sudoestehoje.com.br\/novoportal\/wp-json\/wp\/v2\/users\/2"}],"replies":[{"embeddable":true,"href":"https:\/\/www.sudoestehoje.com.br\/novoportal\/wp-json\/wp\/v2\/comments?post=72827"}],"version-history":[{"count":2,"href":"https:\/\/www.sudoestehoje.com.br\/novoportal\/wp-json\/wp\/v2\/posts\/72827\/revisions"}],"predecessor-version":[{"id":72830,"href":"https:\/\/www.sudoestehoje.com.br\/novoportal\/wp-json\/wp\/v2\/posts\/72827\/revisions\/72830"}],"wp:featuredmedia":[{"embeddable":true,"href":"https:\/\/www.sudoestehoje.com.br\/novoportal\/wp-json\/wp\/v2\/media\/72829"}],"wp:attachment":[{"href":"https:\/\/www.sudoestehoje.com.br\/novoportal\/wp-json\/wp\/v2\/media?parent=72827"}],"wp:term":[{"taxonomy":"category","embeddable":true,"href":"https:\/\/www.sudoestehoje.com.br\/novoportal\/wp-json\/wp\/v2\/categories?post=72827"},{"taxonomy":"post_tag","embeddable":true,"href":"https:\/\/www.sudoestehoje.com.br\/novoportal\/wp-json\/wp\/v2\/tags?post=72827"}],"curies":[{"name":"wp","href":"https:\/\/api.w.org\/{rel}","templated":true}]}}