
{"id":72818,"date":"2018-06-15T20:14:02","date_gmt":"2018-06-15T23:14:02","guid":{"rendered":"http:\/\/www.sudoestehoje.com.br\/novoportal\/?p=72818"},"modified":"2018-06-15T20:14:02","modified_gmt":"2018-06-15T23:14:02","slug":"davidson-magalhaes-deve-sair-como-suplente-de-angelo-coronel-ao-senado","status":"publish","type":"post","link":"https:\/\/www.sudoestehoje.com.br\/novoportal\/2018\/06\/15\/davidson-magalhaes-deve-sair-como-suplente-de-angelo-coronel-ao-senado\/","title":{"rendered":"DAVIDSON MAGALH\u00c3ES DEVE SAIR COMO SUPLENTE DE \u00c2NGELO CORONEL AO SENADO"},"content":{"rendered":"<p><a href=\"http:\/\/www.sudoestehoje.com.br\/novoportal\/wp-content\/uploads\/2018\/06\/davdson.jpg\"><img loading=\"lazy\" decoding=\"async\" class=\"aligncenter size-medium wp-image-72825\" src=\"http:\/\/www.sudoestehoje.com.br\/novoportal\/wp-content\/uploads\/2018\/06\/davdson-500x283.jpg\" alt=\"\" width=\"500\" height=\"283\" \/><\/a><\/p>\n<p>Segundo o site Bahia Not\u00edcias, o\u00a0presidente do PCdoB, Davidson Magalh\u00e3es, deve ser suplente do comandante da Assembleia Legislativa da Bahia, Angelo Coronel (PSD), na disputa pelo Senado. J\u00e1 na outra vaga, o titular, Jaques Wagner (PT), deve ter o deputado federal Bebeto Galv\u00e3o (PSB) como suplente.<\/p>\n<p>A decis\u00e3o ainda n\u00e3o est\u00e1 fechada, pois os governistas aguardam a senadora L\u00eddice da Mata (PSB) definir se sai como candidata a deputada federal ou como suplente de Wagner. Mas, ainda segundo o Bahia Not\u00edcias, a tend\u00eancia \u00e9 que L\u00eddice dispute uma vaga na C\u00e2mara e abra m\u00e3o do desejo de continuar no Senado.<\/p>\n<p>A avalia\u00e7\u00e3o \u00e9 de que o deputado Bebeto leva vantagem, j\u00e1 que a elei\u00e7\u00e3o de Wagner ao senado s\u00e3o favas contadas, enquanto a de Coronel \u00e9 incerta.<\/p>\n<p>Davidson Magalh\u00e3es obteve 915 votos em Itapetinga na \u00faltima elei\u00e7\u00e3o (2014), mas ficou na supl\u00eancia.<\/p>\n","protected":false},"excerpt":{"rendered":"<p>Segundo o site Bahia Not\u00edcias, o\u00a0presidente do PCdoB, Davidson Magalh\u00e3es, deve ser suplente do comandante da Assembleia Legislativa da Bahia, Angelo Coronel (PSD), na disputa pelo Senado. J\u00e1 na outra vaga, o titular, Jaques Wagner (PT), deve ter o deputado federal Bebeto Galv\u00e3o (PSB) como suplente. A decis\u00e3o ainda n\u00e3o est\u00e1 fechada, pois os governistas [&hellip;]<\/p>\n","protected":false},"author":2,"featured_media":72825,"comment_status":"open","ping_status":"open","sticky":false,"template":"","format":"standard","meta":{"footnotes":"","_links_to":"","_links_to_target":""},"categories":[1],"tags":[],"class_list":["post-72818","post","type-post","status-publish","format-standard","has-post-thumbnail","hentry","category-geral"],"views":1100,"_links":{"self":[{"href":"https:\/\/www.sudoestehoje.com.br\/novoportal\/wp-json\/wp\/v2\/posts\/72818","targetHints":{"allow":["GET"]}}],"collection":[{"href":"https:\/\/www.sudoestehoje.com.br\/novoportal\/wp-json\/wp\/v2\/posts"}],"about":[{"href":"https:\/\/www.sudoestehoje.com.br\/novoportal\/wp-json\/wp\/v2\/types\/post"}],"author":[{"embeddable":true,"href":"https:\/\/www.sudoestehoje.com.br\/novoportal\/wp-json\/wp\/v2\/users\/2"}],"replies":[{"embeddable":true,"href":"https:\/\/www.sudoestehoje.com.br\/novoportal\/wp-json\/wp\/v2\/comments?post=72818"}],"version-history":[{"count":7,"href":"https:\/\/www.sudoestehoje.com.br\/novoportal\/wp-json\/wp\/v2\/posts\/72818\/revisions"}],"predecessor-version":[{"id":72826,"href":"https:\/\/www.sudoestehoje.com.br\/novoportal\/wp-json\/wp\/v2\/posts\/72818\/revisions\/72826"}],"wp:featuredmedia":[{"embeddable":true,"href":"https:\/\/www.sudoestehoje.com.br\/novoportal\/wp-json\/wp\/v2\/media\/72825"}],"wp:attachment":[{"href":"https:\/\/www.sudoestehoje.com.br\/novoportal\/wp-json\/wp\/v2\/media?parent=72818"}],"wp:term":[{"taxonomy":"category","embeddable":true,"href":"https:\/\/www.sudoestehoje.com.br\/novoportal\/wp-json\/wp\/v2\/categories?post=72818"},{"taxonomy":"post_tag","embeddable":true,"href":"https:\/\/www.sudoestehoje.com.br\/novoportal\/wp-json\/wp\/v2\/tags?post=72818"}],"curies":[{"name":"wp","href":"https:\/\/api.w.org\/{rel}","templated":true}]}}