
{"id":72812,"date":"2018-06-15T19:34:48","date_gmt":"2018-06-15T22:34:48","guid":{"rendered":"http:\/\/www.sudoestehoje.com.br\/novoportal\/?p=72812"},"modified":"2018-06-15T19:34:48","modified_gmt":"2018-06-15T22:34:48","slug":"familias-pobres-brasileiras-levariam-9-geracoes-para-alcancar-renda-media","status":"publish","type":"post","link":"https:\/\/www.sudoestehoje.com.br\/novoportal\/2018\/06\/15\/familias-pobres-brasileiras-levariam-9-geracoes-para-alcancar-renda-media\/","title":{"rendered":"FAM\u00cdLIAS POBRES BRASILEIRAS LEVARIAM 9 GERA\u00c7\u00d5ES PARA ALCAN\u00c7AR RENDA M\u00c9DIA"},"content":{"rendered":"<p><a href=\"http:\/\/www.sudoestehoje.com.br\/novoportal\/wp-content\/uploads\/2018\/06\/pobreza.jpg\"><img loading=\"lazy\" decoding=\"async\" class=\"aligncenter size-medium wp-image-72813\" src=\"http:\/\/www.sudoestehoje.com.br\/novoportal\/wp-content\/uploads\/2018\/06\/pobreza-500x323.jpg\" alt=\"\" width=\"500\" height=\"323\" srcset=\"https:\/\/www.sudoestehoje.com.br\/novoportal\/wp-content\/uploads\/2018\/06\/pobreza-500x323.jpg 500w, https:\/\/www.sudoestehoje.com.br\/novoportal\/wp-content\/uploads\/2018\/06\/pobreza.jpg 640w\" sizes=\"auto, (max-width: 500px) 100vw, 500px\" \/><\/a><\/p>\n<p>A chance de uma crian\u00e7a de baixa renda de ter um futuro melhor que a realidade em que nasceu est\u00e1, em maior ou menor grau, relacionada \u00e0 escolaridade e ao n\u00edvel de renda de seus pais. Nos pa\u00edses ricos, o \u201celevador social\u201d anda mais r\u00e1pido. Nos emergentes, mais devagar \u2013 no Brasil, ainda mais lentamente.<\/p>\n<p>O pa\u00eds ocupa a segunda pior posi\u00e7\u00e3o em um estudo sobre mobilidade social feito pela <strong>OCDE (Organiza\u00e7\u00e3o para a Coopera\u00e7\u00e3o e Desenvolvimento Econ\u00f4mico)<\/strong> com dados de 30 pa\u00edses e divulgado nesta sexta-feira.<\/p>\n<p>De acordo com o estudo O elevador social est\u00e1 quebrado? Como promover mobilidade social, seriam necess\u00e1rias <strong>9\u00a0gera\u00e7\u00f5es<\/strong> para que os descendentes de um brasileiro entre os 10% mais pobres atingissem o n\u00edvel m\u00e9dio de rendimento do pa\u00eds. A estimativa \u00e9 a mesma para a \u00c1frica do Sul e s\u00f3 perde para a Col\u00f4mbia, onde o per\u00edodo de ascens\u00e3o levaria 11 gera\u00e7\u00f5es.<\/p>\n<p>O indicador da OCDE foi constru\u00eddo levando em considera\u00e7\u00e3o a \u201celasticidade intergeracional de renda\u201d. Ou seja, quanto o n\u00edvel de rendimento dos filhos \u00e9 determinado pelo dos pais. A institui\u00e7\u00e3o ressalta no estudo que a simula\u00e7\u00e3o tem finalidade ilustrativa \u2013 para dar dimens\u00e3o da dificuldade de ascens\u00e3o social \u2013 e que n\u00e3o deve ser interpretada como o tempo preciso para que um domic\u00edlio de baixa renda atinja a renda m\u00e9dia.<\/p>\n<p>O tempo entre uma gera\u00e7\u00e3o e outra gira em torno de 30 anos. 9 gera\u00e7\u00f5es s\u00e3o 270 anos.<\/p>\n","protected":false},"excerpt":{"rendered":"<p>A chance de uma crian\u00e7a de baixa renda de ter um futuro melhor que a realidade em que nasceu est\u00e1, em maior ou menor grau, relacionada \u00e0 escolaridade e ao n\u00edvel de renda de seus pais. Nos pa\u00edses ricos, o \u201celevador social\u201d anda mais r\u00e1pido. Nos emergentes, mais devagar \u2013 no Brasil, ainda mais lentamente. [&hellip;]<\/p>\n","protected":false},"author":2,"featured_media":72813,"comment_status":"open","ping_status":"open","sticky":false,"template":"","format":"standard","meta":{"footnotes":"","_links_to":"","_links_to_target":""},"categories":[1],"tags":[],"class_list":["post-72812","post","type-post","status-publish","format-standard","has-post-thumbnail","hentry","category-geral"],"views":1209,"_links":{"self":[{"href":"https:\/\/www.sudoestehoje.com.br\/novoportal\/wp-json\/wp\/v2\/posts\/72812","targetHints":{"allow":["GET"]}}],"collection":[{"href":"https:\/\/www.sudoestehoje.com.br\/novoportal\/wp-json\/wp\/v2\/posts"}],"about":[{"href":"https:\/\/www.sudoestehoje.com.br\/novoportal\/wp-json\/wp\/v2\/types\/post"}],"author":[{"embeddable":true,"href":"https:\/\/www.sudoestehoje.com.br\/novoportal\/wp-json\/wp\/v2\/users\/2"}],"replies":[{"embeddable":true,"href":"https:\/\/www.sudoestehoje.com.br\/novoportal\/wp-json\/wp\/v2\/comments?post=72812"}],"version-history":[{"count":4,"href":"https:\/\/www.sudoestehoje.com.br\/novoportal\/wp-json\/wp\/v2\/posts\/72812\/revisions"}],"predecessor-version":[{"id":72817,"href":"https:\/\/www.sudoestehoje.com.br\/novoportal\/wp-json\/wp\/v2\/posts\/72812\/revisions\/72817"}],"wp:featuredmedia":[{"embeddable":true,"href":"https:\/\/www.sudoestehoje.com.br\/novoportal\/wp-json\/wp\/v2\/media\/72813"}],"wp:attachment":[{"href":"https:\/\/www.sudoestehoje.com.br\/novoportal\/wp-json\/wp\/v2\/media?parent=72812"}],"wp:term":[{"taxonomy":"category","embeddable":true,"href":"https:\/\/www.sudoestehoje.com.br\/novoportal\/wp-json\/wp\/v2\/categories?post=72812"},{"taxonomy":"post_tag","embeddable":true,"href":"https:\/\/www.sudoestehoje.com.br\/novoportal\/wp-json\/wp\/v2\/tags?post=72812"}],"curies":[{"name":"wp","href":"https:\/\/api.w.org\/{rel}","templated":true}]}}